{"id":14125,"date":"2017-09-25T13:29:22","date_gmt":"2017-09-25T13:29:22","guid":{"rendered":"https:\/\/www.43einhalb.com\/blog\/?p=14125"},"modified":"2017-09-25T15:22:13","modified_gmt":"2017-09-25T15:22:13","slug":"interview-sascha-priesters-aka-themoldernway","status":"publish","type":"post","link":"https:\/\/www.43einhalb.com\/blog\/interview-sascha-priesters-aka-themoldernway\/","title":{"rendered":"Interview: Sascha Priesters aka themoldernway"},"content":{"rendered":"<article class=\"entry-content\"><p style=\"text-align: left;\"><span class=\"s1\">Bevor wir uns schon im Sneakertalk mit einem Bier in der Hand vor Saschas Werken sehen, wollten wir Euch \u00bbthemoldernway\u00ab vorstellen:\u00a0Von seiner Leidenschaft f\u00fcrs Fotografieren \u00fcber Turnschuhe bis hin zu \u00bbflexxen\u00ab und Gucci Joggern &#8211; Sascha stand uns brav Rede und Antwort.\u00a0Viel Spa\u00df mit unserem Interview!<\/span><\/p>\n<p style=\"text-align: left;\"><span class=\"s2\"><b>Hi Sascha, bevor wir \u00fcber deine Leidenschaft f\u00fcrs Fotografieren und deine Vernissage sprechen, stelle dich und deine Aufgabe bei 43einhalb mal kurz vor.<\/b><\/span><\/p>\n<p style=\"text-align: left;\"><span class=\"s4\">Servus! Mein Name ist Sascha Priesters, ich bin 23 Jahre alt und bin vor 4 Jahren wegen des Studiums nach Frankfurt gezogen. Bei 43einhalb unterst\u00fctze ich die Frankfurter Crew in Sachen Fotos und Social Media.<\/span><\/p>\n<p style=\"text-align: left;\"><img decoding=\"async\" loading=\"lazy\" class=\"alignnone size-large wp-image-14139\" src=\"https:\/\/www.43einhalb.com\/blog\/wp-content\/uploads\/2017\/09\/IMG_3124-960x640.jpg\" alt=\"\" width=\"960\" height=\"640\" srcset=\"https:\/\/www.43einhalb.com\/blog\/wp-content\/uploads\/2017\/09\/IMG_3124-960x640.jpg 960w, https:\/\/www.43einhalb.com\/blog\/wp-content\/uploads\/2017\/09\/IMG_3124-540x360.jpg 540w, https:\/\/www.43einhalb.com\/blog\/wp-content\/uploads\/2017\/09\/IMG_3124-768x512.jpg 768w, https:\/\/www.43einhalb.com\/blog\/wp-content\/uploads\/2017\/09\/IMG_3124-370x247.jpg 370w, https:\/\/www.43einhalb.com\/blog\/wp-content\/uploads\/2017\/09\/IMG_3124-270x180.jpg 270w, https:\/\/www.43einhalb.com\/blog\/wp-content\/uploads\/2017\/09\/IMG_3124-570x380.jpg 570w, https:\/\/www.43einhalb.com\/blog\/wp-content\/uploads\/2017\/09\/IMG_3124-770x514.jpg 770w, https:\/\/www.43einhalb.com\/blog\/wp-content\/uploads\/2017\/09\/IMG_3124-1170x780.jpg 1170w, https:\/\/www.43einhalb.com\/blog\/wp-content\/uploads\/2017\/09\/IMG_3124-870x580.jpg 870w, https:\/\/www.43einhalb.com\/blog\/wp-content\/uploads\/2017\/09\/IMG_3124.jpg 2000w\" sizes=\"(max-width: 960px) 100vw, 960px\" \/><\/p>\n<p style=\"text-align: left;\"><span class=\"s4\"><b>Wie bist du zur Fotografie gekommen?<\/b><\/span><\/p>\n<p style=\"text-align: left;\"><span class=\"s4\">Die Story ist wahrscheinlich so unspektakul\u00e4r wie der n\u00e4chste Yeezy Release. Ich habe damals eigentlich nur ein paar Fotos von meinen Schuhen machen wollen. Die Grundidee war es, ein cleanes Foto vorne auf den Schuhkarton zu kleben, damit ich wei\u00df was drin ist (das hab ich allerdings bis heute nicht umgesetzt :D). Gesagt, nicht getan. Ich habe mir auf Ebay f\u00fcr ca. 80\u20ac eine alte Canon EOS 20D ersteigert und habe losgelegt, Sneaker\u00a0zu fotografieren. Irgendwann ging es dann von Schuhen auf andere Bereiche \u00fcber, um mal noch einiges mehr auszuprobieren. Von da an nahm es seinen Lauf.<b> <\/b><\/span><span class=\"s3\"><b><br \/>\n<\/b><\/span><\/p>\n<p style=\"text-align: left;\"><span class=\"s4\"><b>Woher kommt der Name \u201ethemoldernway\u201c? <\/b><\/span><\/p>\n<p style=\"text-align: left;\"><span class=\"s4\">Shoutout an mein 16-j\u00e4hriges Ich f\u00fcr diesen Namen. Mein Instagram Profil besteht schon seit etlichen Jahren, damals noch f\u00fcr Selfies (da existierte das Wort nicht mal) und Schnappsch\u00fcsse aus dem Inneren von Handballhallen. Da musste nat\u00fcrlich ein cooler Name her, der nicht sascha0815 hei\u00dft. Mich wundert es gerade, warum die Erkl\u00e4rung zu meinem Namen noch nirgends Schwarz auf Wei\u00df nieder geschrieben ist. Also moldern setzt sich einfach aus dem Wort OLD und MODERN zusammen. \u00dcber die Sinnhaftigkeit dieser Zusammenstellung l\u00e4sst sich streiten, aber ich fand es damals wie heute gut.<\/span><\/p>\n<p style=\"text-align: left;\"><span class=\"s2\"><b>Welche Art der Fotografie machst du?<\/b><\/span><\/p>\n<p style=\"text-align: left;\"><span class=\"s4\">Meine Schwerpunkte liegen haupts\u00e4chlich in der Produkt-, Portrait- und Streetfotografie. Unter die Produkte fallen nat\u00fcrlich eine ganze Menge Sneaker, aber es d\u00fcrfen auch gerne andere Dinge sein. Ich finde dieses Feld sehr spannend, weil auch ein gro\u00dfer Teil der Produktfotos zu Werbezwecken verwendet werden und da k\u00f6nnen die kleinsten Dinge unterbewusst schon einen Unterschied auf den Betrachter hervorrufen &#8211; und das positiv wie negativ. Mit Frankfurt als Homebase habe ich nat\u00fcrlich was die Stra\u00dfe angeht ein gutes \u00dcbungsfeld und Vielfalt. Dar\u00fcber hinaus bin ich auch mal froh, das ein oder andere OnFeet in der U-Bahnstation aufnehmen zu k\u00f6nnen, wenn es schon dunkel ist. Au\u00dferdem fotografiere ich gerne Menschen, am besten in Kombination mit Mode, denn es gibt dort eine fast unendliche Zahl an M\u00f6glichkeiten, wie man die Person und\/oder das Kleidungsst\u00fcck ins rechte Licht setzen kann.<\/span><span class=\"s3\"><b><br \/>\n<\/b><\/span><\/p>\n<p style=\"text-align: left;\"><img decoding=\"async\" loading=\"lazy\" class=\"alignnone size-large wp-image-14137\" src=\"https:\/\/www.43einhalb.com\/blog\/wp-content\/uploads\/2017\/09\/klektion_reebok-7-960x641.jpg\" alt=\"\" width=\"960\" height=\"641\" srcset=\"https:\/\/www.43einhalb.com\/blog\/wp-content\/uploads\/2017\/09\/klektion_reebok-7-960x641.jpg 960w, https:\/\/www.43einhalb.com\/blog\/wp-content\/uploads\/2017\/09\/klektion_reebok-7-540x361.jpg 540w, https:\/\/www.43einhalb.com\/blog\/wp-content\/uploads\/2017\/09\/klektion_reebok-7-768x513.jpg 768w, https:\/\/www.43einhalb.com\/blog\/wp-content\/uploads\/2017\/09\/klektion_reebok-7-370x247.jpg 370w, https:\/\/www.43einhalb.com\/blog\/wp-content\/uploads\/2017\/09\/klektion_reebok-7-270x180.jpg 270w, https:\/\/www.43einhalb.com\/blog\/wp-content\/uploads\/2017\/09\/klektion_reebok-7-570x381.jpg 570w, https:\/\/www.43einhalb.com\/blog\/wp-content\/uploads\/2017\/09\/klektion_reebok-7-770x514.jpg 770w, https:\/\/www.43einhalb.com\/blog\/wp-content\/uploads\/2017\/09\/klektion_reebok-7-1170x782.jpg 1170w, https:\/\/www.43einhalb.com\/blog\/wp-content\/uploads\/2017\/09\/klektion_reebok-7-868x580.jpg 868w, https:\/\/www.43einhalb.com\/blog\/wp-content\/uploads\/2017\/09\/klektion_reebok-7.jpg 2000w\" sizes=\"(max-width: 960px) 100vw, 960px\" \/><\/p>\n<p style=\"text-align: left;\"><span class=\"s2\"><b>Hat sich dein Schwerpunkt der Fotografie seit deinen Anf\u00e4ngen ver\u00e4ndert?<\/b><\/span><\/p>\n<p style=\"text-align: left;\"><span class=\"s4\">Ich w\u00fcrde mal sagen der Schwerpunkt hat sich nicht wirklich ver\u00e4ndert, das Feld hat sich nur erweitert. Am Anfang waren es nur Schuhe, denn ich wollte coole Fotos von Sneakern machen, mehr nicht. Da dann aber die Motivation auf Fotografie allgemein wuchs, began ich auch andere Dinge zu fotografieren, da mir \u00bbnur Sneaker\u00ab zu fotografieren irgendwie langweilig vorkam. Im Nachhinein betrachtet hat es auch meinen Stil, Sneaker zu fotografieren, sehr beeinflusst. Denn fotografiert man andere Dinge, auch Allt\u00e4gliches, dann entwickelt sich ein anderer Blick auf etwas. Man achtet auf Details, die man vorher nicht bedacht hat.<\/span><span class=\"s3\"><b><br \/>\n<\/b><\/span><\/p>\n<p style=\"text-align: left;\"><span class=\"s2\"><b>Wie w\u00fcrdest du deinen Stil beschreiben?<\/b><\/span><\/p>\n<p style=\"text-align: left;\"><span class=\"s4\">Ich denke meine Fotos passen nicht in ein klassisches Hochglanz-Magazin, daf\u00fcr sind sie oft nicht \u00bbschick\u00ab (Girlie Schick) genug. Meist sind meine Bilder nicht sehr farbenfroh und reduzieren sich auf einige Leitfarben. Hinzu l\u00e4sst mein Bearbeitungsstil die Fotos eher etwas \u00bbrough\u00ab aussehen.<b> <\/b><\/span><span class=\"s3\"><b><br \/>\n<\/b><\/span><\/p>\n<p style=\"text-align: left;\"><span class=\"s2\"><b>Auf Instagram gibt es gef\u00fchlt Tr\u00f6lf Millionen \u00bbInfluencer\u00ab, Sneakerheads, Blogger etc., die Sneaker und Streetwear ablichten. Worauf muss man achten? Was geht gar nicht?<\/b><\/span><b> <\/b><\/p>\n<p style=\"text-align: left;\"><span class=\"s4\">Ich denke viele Leute lassen den fotografischen Aspekt bei ihren Posts au\u00dfen vor. Dort sorgt der Hype aufgrund des Schuhs oder des Kleidungsst\u00fcck f\u00fcr die n\u00f6tigen Likes (was ja auch erstaunlich gut funktioniert aktuell). Jedoch ist es mein Anspruch, nicht nur zu \u00bbflexxen\u00ab, wie man Neudeutsch so sch\u00f6n sagt, sondern einfach ein gutes Foto zu machen. Ich finde diese \u00bbHauptsache Hype\u00ab Fotos gehen gar nicht. Wenn ich einen Air Yeezy in Kombi mit einem Gucci Jogger und dazu noch einem MCM Rucksack im Hintergrund sehe, m\u00f6chte ich am liebsten mein Mittagessen wieder los werden. Ich glaube einen Schuh zu fotografieren ist einer der einfachsten und schwierigsten Dinge zugleich. Ein Sneaker kann sehr schnell viel zu globig, aber auch zu flach oder komplett daneben aussehen, je nachdem wie man Fu\u00df und Kamera positioniert.<b> <\/b><\/span><span class=\"s3\"><b><br \/>\n<\/b><\/span><\/p>\n<p style=\"text-align: left;\"><span class=\"s2\"><b>Welchen Schuh h\u00e4ttest du gerne mal vor der Linse?<\/b><\/span><\/p>\n<p style=\"text-align: left;\"><span class=\"s4\">Die Auswahl ist fast viel zu gro\u00df, um das genau zu sagen. Aktuell w\u00fcrde ich gerne mal eine Session mit den Virgil Abloh X Nike \u00bbThe Ten\u00ab Modellen starten. Ich finde nicht nur die Schuhe extrem gelungen, auch das ganze Konzept und die Off Campus Events sind gro\u00dfartig und ich w\u00fcrde gerne mal sehen, was ich so anstellen k\u00f6nnte.<\/span><span class=\"s3\"><b><br \/>\n<\/b><\/span><\/p>\n<p style=\"text-align: left;\"><img decoding=\"async\" loading=\"lazy\" class=\"alignnone size-large wp-image-14136\" src=\"https:\/\/www.43einhalb.com\/blog\/wp-content\/uploads\/2017\/09\/klektion_reebok-1-960x641.jpg\" alt=\"\" width=\"960\" height=\"641\" srcset=\"https:\/\/www.43einhalb.com\/blog\/wp-content\/uploads\/2017\/09\/klektion_reebok-1-960x641.jpg 960w, https:\/\/www.43einhalb.com\/blog\/wp-content\/uploads\/2017\/09\/klektion_reebok-1-540x361.jpg 540w, https:\/\/www.43einhalb.com\/blog\/wp-content\/uploads\/2017\/09\/klektion_reebok-1-768x513.jpg 768w, https:\/\/www.43einhalb.com\/blog\/wp-content\/uploads\/2017\/09\/klektion_reebok-1-370x247.jpg 370w, https:\/\/www.43einhalb.com\/blog\/wp-content\/uploads\/2017\/09\/klektion_reebok-1-270x180.jpg 270w, https:\/\/www.43einhalb.com\/blog\/wp-content\/uploads\/2017\/09\/klektion_reebok-1-570x381.jpg 570w, https:\/\/www.43einhalb.com\/blog\/wp-content\/uploads\/2017\/09\/klektion_reebok-1-770x514.jpg 770w, https:\/\/www.43einhalb.com\/blog\/wp-content\/uploads\/2017\/09\/klektion_reebok-1-1170x782.jpg 1170w, https:\/\/www.43einhalb.com\/blog\/wp-content\/uploads\/2017\/09\/klektion_reebok-1-868x580.jpg 868w, https:\/\/www.43einhalb.com\/blog\/wp-content\/uploads\/2017\/09\/klektion_reebok-1.jpg 2000w\" sizes=\"(max-width: 960px) 100vw, 960px\" \/><\/p>\n<p style=\"text-align: left;\"><span class=\"s4\"><b>Wie kam die Idee eine eigen Vernissage zu veranstalten?<\/b><\/span><\/p>\n<p style=\"text-align: left;\"><span class=\"s4\">Die Idee schwebte mir schon l\u00e4nger vor, einfach weil ich die Wirkung von Fotos auf physischem Untergrund erstaunlich finde im Vergleich zu digitalen Versionen. Jedoch fehlte mir der Rahmen dazu, in den ich meine Idee einbetten konnte. Irgendwann kam dann Mischa auf mich zu und bot mir an, im Frankfurter Store meine Fotos auszustellen. Nat\u00fcrlich war ich sofort dabei!<\/span><\/p>\n<p style=\"text-align: left;\"><span class=\"s4\"><b>Unter welchem Motto steht deine Vernissage?<\/b><\/span><\/p>\n<p style=\"text-align: left;\"><span class=\"s1\">Eigentlich spiegeln die Schwerpunkte der Vernissage auch die Schwerpunkte meiner Fotografie wieder. Von Sneakern \u00fcber Streetwear und Portraits ist alles am Start! Ich habe einige meiner Lieblingsshots des letzten Jahres ausgew\u00e4hlt. Mit der Vernissage m\u00f6chte ich mich einfach mal auf der analogen Karte platzieren und \u00bbHallo\u00ab sagen &#8211; meine Bilder auch mal in einem anderen Format pr\u00e4sentieren. Ausstellungen, die einem Thema \u00fcbergeordnet sind, finde ich auch sehr spannend und der Idee werde ich sicher auch noch nachgehen.<\/span><\/p>\n<div class=\"sc-separator type-thin\"><\/div>\n<div class=\"sc-columns half clearfix\">\nSaschas Werken k\u00f6nnen dann ab dem 28. September 2017 zu unseren Laden-\u00d6ffnungszeiten in Frankfurt begutachtet werden.<\/p>\n<div class=\"col\">\n<p><strong>MONTAGS &#8211; FREITAGS<\/strong><\/p>\n<p>12 &#8211; 19 Uhr<\/p>\n<\/div>\n<div class=\"col\">\n<p><strong>SAMSTAGS<\/strong><\/p>\n<p>11 &#8211; 18 Uhr<\/p>\n<\/div>\n<\/div>\n<div class=\"sc-separator type-thin\"><\/div>\n<p>Zur offiziellen Facebook-Veranstaltung f\u00fcr die Launch-Party geht es hier entlang:<\/p>\n<a href=\"https:\/\/www.facebook.com\/events\/609484532773850\/\" class=\"sc-button bg-black color-white\" target=\"_blank\"><span>themoldernway \u00bbvernisace\u00ab Foto Exhibition<\/span><\/a>\n<\/article>","protected":false},"excerpt":{"rendered":"<p>Unser Kumpel und Kollege Sascha aka \u00bbthemoldernway\u00ab pr\u00e4sentiert vom 28. September bis 29. Oktober in unserem Frankfurter Store eine aktuelle Auswahl seiner Lieblingsshots aus den Bereichen Sneaker, Street und Architektur. Um die Vernissage geb\u00fchrend zu feiern, veranstalten wir am Donnerstag nicht nur eine Launch Party. Nein! Wir haben dem Guten auch mal auf den Zahn gef\u00fchlt.<\/p>\n","protected":false},"author":29,"featured_media":14141,"comment_status":"open","ping_status":"open","sticky":false,"template":"","format":"gallery","meta":{"footnotes":""},"categories":[210,209,1],"tags":[],"yoast_head":"<!-- This site is optimized with the Yoast SEO plugin v21.3 - https:\/\/yoast.com\/wordpress\/plugins\/seo\/ -->\n<title>Interview: Sascha Priesters aka themoldernway | 43einhalb blog \ud83d\udc5f<\/title>\n<meta name=\"robots\" content=\"index, follow, max-snippet:-1, max-image-preview:large, max-video-preview:-1\" \/>\n<link rel=\"canonical\" href=\"https:\/\/www.43einhalb.com\/blog\/interview-sascha-priesters-aka-themoldernway\/\" \/>\n<meta property=\"og:locale\" content=\"de_DE\" \/>\n<meta property=\"og:type\" content=\"article\" \/>\n<meta property=\"og:title\" content=\"Interview: Sascha Priesters aka themoldernway | 43einhalb blog \ud83d\udc5f\" \/>\n<meta property=\"og:description\" content=\"Unser Kumpel und Kollege Sascha aka \u00bbthemoldernway\u00ab pr\u00e4sentiert vom 28. September bis 29. Oktober in unserem Frankfurter Store eine aktuelle Auswahl seiner Lieblingsshots aus den Bereichen Sneaker, Street und Architektur. Um die Vernissage geb\u00fchrend zu feiern, veranstalten wir am Donnerstag nicht nur eine Launch Party. Nein! Wir haben dem Guten auch mal auf den Zahn gef\u00fchlt.\" \/>\n<meta property=\"og:url\" content=\"https:\/\/www.43einhalb.com\/blog\/interview-sascha-priesters-aka-themoldernway\/\" \/>\n<meta property=\"og:site_name\" content=\"43einhalb blog\" \/>\n<meta property=\"article:published_time\" content=\"2017-09-25T13:29:22+00:00\" \/>\n<meta property=\"article:modified_time\" content=\"2017-09-25T15:22:13+00:00\" \/>\n<meta property=\"og:image\" content=\"https:\/\/www.43einhalb.com\/blog\/wp-content\/uploads\/2017\/09\/versace_logo_4.jpg\" \/>\n\t<meta property=\"og:image:width\" content=\"3840\" \/>\n\t<meta property=\"og:image:height\" content=\"2160\" \/>\n\t<meta property=\"og:image:type\" content=\"image\/jpeg\" \/>\n<meta name=\"author\" content=\"Admin\" \/>\n<meta name=\"twitter:card\" content=\"summary_large_image\" \/>\n<meta name=\"twitter:label1\" content=\"Verfasst von\" \/>\n\t<meta name=\"twitter:data1\" content=\"Admin\" \/>\n\t<meta name=\"twitter:label2\" content=\"Gesch\u00e4tzte Lesezeit\" \/>\n\t<meta name=\"twitter:data2\" content=\"5\u00a0Minuten\" \/>\n<script type=\"application\/ld+json\" class=\"yoast-schema-graph\">{\"@context\":\"https:\/\/schema.org\",\"@graph\":[{\"@type\":\"Article\",\"@id\":\"https:\/\/www.43einhalb.com\/blog\/interview-sascha-priesters-aka-themoldernway\/#article\",\"isPartOf\":{\"@id\":\"https:\/\/www.43einhalb.com\/blog\/interview-sascha-priesters-aka-themoldernway\/\"},\"author\":{\"name\":\"Admin\",\"@id\":\"https:\/\/www.43einhalb.com\/blog\/#\/schema\/person\/434e22628070db0427abff41366d7110\"},\"headline\":\"Interview: Sascha Priesters aka themoldernway\",\"datePublished\":\"2017-09-25T13:29:22+00:00\",\"dateModified\":\"2017-09-25T15:22:13+00:00\",\"mainEntityOfPage\":{\"@id\":\"https:\/\/www.43einhalb.com\/blog\/interview-sascha-priesters-aka-themoldernway\/\"},\"wordCount\":1100,\"commentCount\":0,\"publisher\":{\"@id\":\"https:\/\/www.43einhalb.com\/blog\/#organization\"},\"articleSection\":[\"Events\",\"Inside\",\"Unkategorisiert\"],\"inLanguage\":\"de\",\"potentialAction\":[{\"@type\":\"CommentAction\",\"name\":\"Comment\",\"target\":[\"https:\/\/www.43einhalb.com\/blog\/interview-sascha-priesters-aka-themoldernway\/#respond\"]}]},{\"@type\":\"WebPage\",\"@id\":\"https:\/\/www.43einhalb.com\/blog\/interview-sascha-priesters-aka-themoldernway\/\",\"url\":\"https:\/\/www.43einhalb.com\/blog\/interview-sascha-priesters-aka-themoldernway\/\",\"name\":\"Interview: Sascha Priesters aka themoldernway | 43einhalb blog \ud83d\udc5f\",\"isPartOf\":{\"@id\":\"https:\/\/www.43einhalb.com\/blog\/#website\"},\"datePublished\":\"2017-09-25T13:29:22+00:00\",\"dateModified\":\"2017-09-25T15:22:13+00:00\",\"breadcrumb\":{\"@id\":\"https:\/\/www.43einhalb.com\/blog\/interview-sascha-priesters-aka-themoldernway\/#breadcrumb\"},\"inLanguage\":\"de\",\"potentialAction\":[{\"@type\":\"ReadAction\",\"target\":[\"https:\/\/www.43einhalb.com\/blog\/interview-sascha-priesters-aka-themoldernway\/\"]}]},{\"@type\":\"BreadcrumbList\",\"@id\":\"https:\/\/www.43einhalb.com\/blog\/interview-sascha-priesters-aka-themoldernway\/#breadcrumb\",\"itemListElement\":[{\"@type\":\"ListItem\",\"position\":1,\"name\":\"Startseite\",\"item\":\"https:\/\/www.43einhalb.com\/blog\/\"},{\"@type\":\"ListItem\",\"position\":2,\"name\":\"Interview: Sascha Priesters aka themoldernway\"}]},{\"@type\":\"WebSite\",\"@id\":\"https:\/\/www.43einhalb.com\/blog\/#website\",\"url\":\"https:\/\/www.43einhalb.com\/blog\/\",\"name\":\"43einhalb blog\",\"description\":\"\",\"publisher\":{\"@id\":\"https:\/\/www.43einhalb.com\/blog\/#organization\"},\"potentialAction\":[{\"@type\":\"SearchAction\",\"target\":{\"@type\":\"EntryPoint\",\"urlTemplate\":\"https:\/\/www.43einhalb.com\/blog\/?s={search_term_string}\"},\"query-input\":\"required name=search_term_string\"}],\"inLanguage\":\"de\"},{\"@type\":\"Organization\",\"@id\":\"https:\/\/www.43einhalb.com\/blog\/#organization\",\"name\":\"43einhalb\",\"url\":\"https:\/\/www.43einhalb.com\/blog\/\",\"logo\":{\"@type\":\"ImageObject\",\"inLanguage\":\"de\",\"@id\":\"https:\/\/www.43einhalb.com\/blog\/#\/schema\/logo\/image\/\",\"url\":\"https:\/\/www.43einhalb.com\/blog\/wp-content\/uploads\/2018\/05\/4312_logo_XL_4000px.png\",\"contentUrl\":\"https:\/\/www.43einhalb.com\/blog\/wp-content\/uploads\/2018\/05\/4312_logo_XL_4000px.png\",\"width\":2000,\"height\":2000,\"caption\":\"43einhalb\"},\"image\":{\"@id\":\"https:\/\/www.43einhalb.com\/blog\/#\/schema\/logo\/image\/\"}},{\"@type\":\"Person\",\"@id\":\"https:\/\/www.43einhalb.com\/blog\/#\/schema\/person\/434e22628070db0427abff41366d7110\",\"name\":\"Admin\",\"url\":\"https:\/\/www.43einhalb.com\/blog\/author\/43einhalb-admin\/\"}]}<\/script>\n<!-- \/ Yoast SEO plugin. -->","yoast_head_json":{"title":"Interview: Sascha Priesters aka themoldernway | 43einhalb blog \ud83d\udc5f","robots":{"index":"index","follow":"follow","max-snippet":"max-snippet:-1","max-image-preview":"max-image-preview:large","max-video-preview":"max-video-preview:-1"},"canonical":"https:\/\/www.43einhalb.com\/blog\/interview-sascha-priesters-aka-themoldernway\/","og_locale":"de_DE","og_type":"article","og_title":"Interview: Sascha Priesters aka themoldernway | 43einhalb blog \ud83d\udc5f","og_description":"Unser Kumpel und Kollege Sascha aka \u00bbthemoldernway\u00ab pr\u00e4sentiert vom 28. September bis 29. Oktober in unserem Frankfurter Store eine aktuelle Auswahl seiner Lieblingsshots aus den Bereichen Sneaker, Street und Architektur. Um die Vernissage geb\u00fchrend zu feiern, veranstalten wir am Donnerstag nicht nur eine Launch Party. Nein! Wir haben dem Guten auch mal auf den Zahn gef\u00fchlt.","og_url":"https:\/\/www.43einhalb.com\/blog\/interview-sascha-priesters-aka-themoldernway\/","og_site_name":"43einhalb blog","article_published_time":"2017-09-25T13:29:22+00:00","article_modified_time":"2017-09-25T15:22:13+00:00","og_image":[{"width":3840,"height":2160,"url":"https:\/\/www.43einhalb.com\/blog\/wp-content\/uploads\/2017\/09\/versace_logo_4.jpg","type":"image\/jpeg"}],"author":"Admin","twitter_card":"summary_large_image","twitter_misc":{"Verfasst von":"Admin","Gesch\u00e4tzte Lesezeit":"5\u00a0Minuten"},"schema":{"@context":"https:\/\/schema.org","@graph":[{"@type":"Article","@id":"https:\/\/www.43einhalb.com\/blog\/interview-sascha-priesters-aka-themoldernway\/#article","isPartOf":{"@id":"https:\/\/www.43einhalb.com\/blog\/interview-sascha-priesters-aka-themoldernway\/"},"author":{"name":"Admin","@id":"https:\/\/www.43einhalb.com\/blog\/#\/schema\/person\/434e22628070db0427abff41366d7110"},"headline":"Interview: Sascha Priesters aka themoldernway","datePublished":"2017-09-25T13:29:22+00:00","dateModified":"2017-09-25T15:22:13+00:00","mainEntityOfPage":{"@id":"https:\/\/www.43einhalb.com\/blog\/interview-sascha-priesters-aka-themoldernway\/"},"wordCount":1100,"commentCount":0,"publisher":{"@id":"https:\/\/www.43einhalb.com\/blog\/#organization"},"articleSection":["Events","Inside","Unkategorisiert"],"inLanguage":"de","potentialAction":[{"@type":"CommentAction","name":"Comment","target":["https:\/\/www.43einhalb.com\/blog\/interview-sascha-priesters-aka-themoldernway\/#respond"]}]},{"@type":"WebPage","@id":"https:\/\/www.43einhalb.com\/blog\/interview-sascha-priesters-aka-themoldernway\/","url":"https:\/\/www.43einhalb.com\/blog\/interview-sascha-priesters-aka-themoldernway\/","name":"Interview: Sascha Priesters aka themoldernway | 43einhalb blog \ud83d\udc5f","isPartOf":{"@id":"https:\/\/www.43einhalb.com\/blog\/#website"},"datePublished":"2017-09-25T13:29:22+00:00","dateModified":"2017-09-25T15:22:13+00:00","breadcrumb":{"@id":"https:\/\/www.43einhalb.com\/blog\/interview-sascha-priesters-aka-themoldernway\/#breadcrumb"},"inLanguage":"de","potentialAction":[{"@type":"ReadAction","target":["https:\/\/www.43einhalb.com\/blog\/interview-sascha-priesters-aka-themoldernway\/"]}]},{"@type":"BreadcrumbList","@id":"https:\/\/www.43einhalb.com\/blog\/interview-sascha-priesters-aka-themoldernway\/#breadcrumb","itemListElement":[{"@type":"ListItem","position":1,"name":"Startseite","item":"https:\/\/www.43einhalb.com\/blog\/"},{"@type":"ListItem","position":2,"name":"Interview: Sascha Priesters aka themoldernway"}]},{"@type":"WebSite","@id":"https:\/\/www.43einhalb.com\/blog\/#website","url":"https:\/\/www.43einhalb.com\/blog\/","name":"43einhalb blog","description":"","publisher":{"@id":"https:\/\/www.43einhalb.com\/blog\/#organization"},"potentialAction":[{"@type":"SearchAction","target":{"@type":"EntryPoint","urlTemplate":"https:\/\/www.43einhalb.com\/blog\/?s={search_term_string}"},"query-input":"required name=search_term_string"}],"inLanguage":"de"},{"@type":"Organization","@id":"https:\/\/www.43einhalb.com\/blog\/#organization","name":"43einhalb","url":"https:\/\/www.43einhalb.com\/blog\/","logo":{"@type":"ImageObject","inLanguage":"de","@id":"https:\/\/www.43einhalb.com\/blog\/#\/schema\/logo\/image\/","url":"https:\/\/www.43einhalb.com\/blog\/wp-content\/uploads\/2018\/05\/4312_logo_XL_4000px.png","contentUrl":"https:\/\/www.43einhalb.com\/blog\/wp-content\/uploads\/2018\/05\/4312_logo_XL_4000px.png","width":2000,"height":2000,"caption":"43einhalb"},"image":{"@id":"https:\/\/www.43einhalb.com\/blog\/#\/schema\/logo\/image\/"}},{"@type":"Person","@id":"https:\/\/www.43einhalb.com\/blog\/#\/schema\/person\/434e22628070db0427abff41366d7110","name":"Admin","url":"https:\/\/www.43einhalb.com\/blog\/author\/43einhalb-admin\/"}]}},"_links":{"self":[{"href":"https:\/\/www.43einhalb.com\/blog\/wp-json\/wp\/v2\/posts\/14125"}],"collection":[{"href":"https:\/\/www.43einhalb.com\/blog\/wp-json\/wp\/v2\/posts"}],"about":[{"href":"https:\/\/www.43einhalb.com\/blog\/wp-json\/wp\/v2\/types\/post"}],"author":[{"embeddable":true,"href":"https:\/\/www.43einhalb.com\/blog\/wp-json\/wp\/v2\/users\/29"}],"replies":[{"embeddable":true,"href":"https:\/\/www.43einhalb.com\/blog\/wp-json\/wp\/v2\/comments?post=14125"}],"version-history":[{"count":15,"href":"https:\/\/www.43einhalb.com\/blog\/wp-json\/wp\/v2\/posts\/14125\/revisions"}],"predecessor-version":[{"id":14146,"href":"https:\/\/www.43einhalb.com\/blog\/wp-json\/wp\/v2\/posts\/14125\/revisions\/14146"}],"wp:featuredmedia":[{"embeddable":true,"href":"https:\/\/www.43einhalb.com\/blog\/wp-json\/wp\/v2\/media\/14141"}],"wp:attachment":[{"href":"https:\/\/www.43einhalb.com\/blog\/wp-json\/wp\/v2\/media?parent=14125"}],"wp:term":[{"taxonomy":"category","embeddable":true,"href":"https:\/\/www.43einhalb.com\/blog\/wp-json\/wp\/v2\/categories?post=14125"},{"taxonomy":"post_tag","embeddable":true,"href":"https:\/\/www.43einhalb.com\/blog\/wp-json\/wp\/v2\/tags?post=14125"}],"curies":[{"name":"wp","href":"https:\/\/api.w.org\/{rel}","templated":true}]}}