{"id":27756,"date":"2018-09-01T14:23:48","date_gmt":"2018-09-01T12:23:48","guid":{"rendered":"https:\/\/www.43einhalb.com\/blog\/?p=27756"},"modified":"2020-09-01T18:21:31","modified_gmt":"2020-09-01T16:21:31","slug":"trachten-sneaker","status":"publish","type":"post","link":"https:\/\/www.43einhalb.com\/blog\/trachten-sneaker\/","title":{"rendered":"Die besten Trachten-Sneaker f\u00fcr das Oktoberfest"},"content":{"rendered":"<article class=\"entry-content\"><p>Statement oder Traditionsbruch? Sneaker zur Tracht werden immer mehr auf dem M\u00fcnchner Oktoberfest gesichtet. Manche sagen, dass sei ein absolutes No-Go. Doch wir behaupten das Gegenteil und zeigen Euch wie Ihr Sneaker zur klassischen Tracht kombinieren k\u00f6nnt.<\/p>\n<div class=\"sc-separator type-thin\"><\/div>\n<p>Jedes Jahr im September st\u00fcrmen Millionen Menschen aus der ganzen Welt nach Deutschland auf die M\u00fcnchner Theresienwiese um zwei Wochen lang das gr\u00f6\u00dfte Volksfest der Welt zu feiern. Seit 1810 hat die bayerische Landeshauptstadt aus einer lokalen Tradition eine globale Institution geschaffen. Unz\u00e4hlige Fahrgesch\u00e4fte, Festzelte und Attraktionen sorgen auf der Wiesn jedes Jahr aufs Neue f\u00fcr ein reges Treiben.<\/p>\n<h3>Die Tracht als jahrhundertealte Tradition<\/h3>\n<p>Doch was genauso zur Wiesn geh\u00f6rt wie Bier und Brezn ist die traditionelle Tracht. In Bayern ist es eine Selbstverst\u00e4ndlichkeit, Dirndl oder Lederhosen im Schrank zu haben. Den Ursprung hat die Tracht als modisches Sommerkleid f\u00fcr hei\u00dfe Sommertage f\u00fcr die Damen oder als Jagdgewand f\u00fcr die Herren. Seit 1811 wird auf der Wiesn Lederhose und Dirndl getragen. Damals jedoch nur an den Sonntagen. Mit einigen H\u00f6hen und Tiefen entwickelte sich die Tracht im 21. Jahrhundert zum Massenph\u00e4nomen und ist seitdem nicht mehr weg zu denken von der M\u00fcnchner Theresienwiese.<\/p>\n<h3>Sneaker zur Tracht? Wir sagen JA!<\/h3>\n<p>Was fr\u00fcher noch als absolutes No-Go verschrien war, ist mittlerweile ein echtes Fashion-Statement: Sneaker zur Tracht. Viele von Euch wissen wohl genau wovon wir reden: Ein Wiesn-Tag kann lang sein. Weite Strecken, ausgelassene Party und das ein oder andere Bier k\u00f6nnen ganz sch\u00f6n anstrengend sein. Ein Grund mehr auf gem\u00fctliche Sneaker zu setzen. Doch die Sneaker sollen dabei nicht nur bequem, sondern auch noch passend zur Tracht sein. Welche Sneaker am besten zu Dirndl oder Lederhosen passen, zeigen wir Euch hier:<\/p>\n<h2>Unsere Top-Sneaker zur Lederhose<\/h2>\n<p>Bei der Auswahl von passenden Schuhen zur Lederhose solltet ihr zu Sneakern in Erdt\u00f6nen und klassischem Wei\u00df oder Beige greifen. Bunte Farben passen eher nicht zur Lederhose und Hemd.<\/p>\n<h3>adidas Originals M\u00fcnchen \u00bbOktoberfest\u00ab<\/h3>\n<figure id=\"attachment_27773\" aria-describedby=\"caption-attachment-27773\" style=\"width: 960px\" class=\"wp-caption alignnone\"><a href=\"https:\/\/www.43einhalb.com\/adidas-muenchen\" target=\"_blank\" rel=\"noopener noreferrer\"><img decoding=\"async\" loading=\"lazy\" class=\"wp-image-27773 size-large\" src=\"https:\/\/www.43einhalb.com\/blog\/wp-content\/uploads\/adidas-muenchen-bier-960x640.jpg\" alt=\"adidas M\u00fcnchen Oktoberfest\" width=\"960\" height=\"640\" srcset=\"https:\/\/www.43einhalb.com\/blog\/wp-content\/uploads\/adidas-muenchen-bier-960x640.jpg 960w, https:\/\/www.43einhalb.com\/blog\/wp-content\/uploads\/adidas-muenchen-bier-540x360.jpg 540w, https:\/\/www.43einhalb.com\/blog\/wp-content\/uploads\/adidas-muenchen-bier-768x512.jpg 768w, https:\/\/www.43einhalb.com\/blog\/wp-content\/uploads\/adidas-muenchen-bier-370x247.jpg 370w, https:\/\/www.43einhalb.com\/blog\/wp-content\/uploads\/adidas-muenchen-bier-270x180.jpg 270w, https:\/\/www.43einhalb.com\/blog\/wp-content\/uploads\/adidas-muenchen-bier-570x380.jpg 570w, https:\/\/www.43einhalb.com\/blog\/wp-content\/uploads\/adidas-muenchen-bier-770x513.jpg 770w, https:\/\/www.43einhalb.com\/blog\/wp-content\/uploads\/adidas-muenchen-bier-1170x780.jpg 1170w, https:\/\/www.43einhalb.com\/blog\/wp-content\/uploads\/adidas-muenchen-bier-870x580.jpg 870w, https:\/\/www.43einhalb.com\/blog\/wp-content\/uploads\/adidas-muenchen-bier.jpg 1500w\" sizes=\"(max-width: 960px) 100vw, 960px\" \/><\/a><figcaption id=\"caption-attachment-27773\" class=\"wp-caption-text\">Der adidas M\u00fcnchen \u00bbOktoberfest\u00ab ist der perfekte Schuh f\u00fcr die Wiesn.<\/figcaption><\/figure>\n<p>Die Marke mit den drei Streifen hat einen echten Sneaker im \u00bbOktoberfest\u00ab-Style geschaffen. Inspiriert von den traditionellen Lederhosen, kommt der <a href=\"https:\/\/www.43einhalb.com\/adidas-muenchen-made-in-germany-oktoberfest-184082\" target=\"_blank\" rel=\"noopener noreferrer\">adidas M\u00fcnchen Made in Germany \u00bbOktoberfest\u00ab<\/a> in hochwertigen Leder- und Premium-Materialien. Das satte Braun des Schuhs kombiniert mit den drei Streifen in einem hellen Braun und den gesprenkelten Schn\u00fcrsenkeln ist die gelungene Umsetzung des ber\u00fchmten Volksfestes. Highlights des Schuhs sind definitiv die hellen Stickereien an der Heel-Cap, die den Lederhosen nachempfunden sind und der dezente goldene \u00bbProst\u00ab-Schriftzug neben den Streifen. Aber das Wichtigste haben wir v\u00f6llig vergessen: Um den Strapazen des Oktoberfestes Stand zu halten, wurde der Schuh einer Wasserabweisenden \u2013 aber vor allem Bier-Abweisenden \u2013 Behandlung unterzogen. Mit dieser Ausstattung trotzt er jedem Ma\u00dfkrug-Unfall.<\/p>\n<a href=\"https:\/\/www.43einhalb.com\/adidas-muenchen\" class=\"sc-button bg-black color-white\" target=\"_blank\"><span>adidas M\u00fcnchen bei 43einhalb<\/span><\/a>\n<p>&nbsp;<\/p>\n<h3>adidas SC Premiere<\/h3>\n<figure id=\"attachment_27779\" aria-describedby=\"caption-attachment-27779\" style=\"width: 960px\" class=\"wp-caption alignnone\"><a href=\"https:\/\/www.43einhalb.com\/adidas-sc-premiere\/filter\/__geschlecht_jungs.maedels\/page\/1\/sort\/relevance\/perpage\/36\" target=\"_blank\" rel=\"noopener noreferrer\"><img decoding=\"async\" loading=\"lazy\" class=\"wp-image-27779 size-large\" src=\"https:\/\/www.43einhalb.com\/blog\/wp-content\/uploads\/adidas-sc-premiere-weiss-960x576.jpg\" alt=\"adidas SC Premiere\" width=\"960\" height=\"576\" srcset=\"https:\/\/www.43einhalb.com\/blog\/wp-content\/uploads\/adidas-sc-premiere-weiss-960x576.jpg 960w, https:\/\/www.43einhalb.com\/blog\/wp-content\/uploads\/adidas-sc-premiere-weiss-540x324.jpg 540w, https:\/\/www.43einhalb.com\/blog\/wp-content\/uploads\/adidas-sc-premiere-weiss-768x461.jpg 768w, https:\/\/www.43einhalb.com\/blog\/wp-content\/uploads\/adidas-sc-premiere-weiss-370x222.jpg 370w, https:\/\/www.43einhalb.com\/blog\/wp-content\/uploads\/adidas-sc-premiere-weiss-570x342.jpg 570w, https:\/\/www.43einhalb.com\/blog\/wp-content\/uploads\/adidas-sc-premiere-weiss-770x462.jpg 770w, https:\/\/www.43einhalb.com\/blog\/wp-content\/uploads\/adidas-sc-premiere-weiss-967x580.jpg 967w, https:\/\/www.43einhalb.com\/blog\/wp-content\/uploads\/adidas-sc-premiere-weiss.jpg 1000w\" sizes=\"(max-width: 960px) 100vw, 960px\" \/><\/a><figcaption id=\"caption-attachment-27779\" class=\"wp-caption-text\">Der adidas SC Premiere passt mit seiner Schlichtheit perfekt zur Lederhose.<\/figcaption><\/figure>\n<p>Wer auf eine schlichte Variante setzen will, macht mit dem \u00bbadidas SC Premiere\u00ab nichts falsch. Vom traditionellen Tennis-Schuh inspiriert, macht sich der cleane Sneaker auch super zur Lederhose. Das auff\u00e4llige Panel-Design verpasst der schlanken Silhouette zus\u00e4tzlich einen modernen Streetstyle-Look und kann auch noch super nach der Wiesn gerockt werden. Das Obermaterial ist aus Leder und h\u00e4lt dabei auch mal den ein oder anderen Bier-Unfall aus.<\/p>\n<a href=\"https:\/\/www.43einhalb.com\/adidas-sc-premiere\" class=\"sc-button bg-black color-white\" target=\"_blank\"><span>adidas SC Premiere bei 43einhalb<\/span><\/a>\n<p>&nbsp;<\/p>\n<h3>VEJA V-12 Leather<\/h3>\n<figure id=\"attachment_27782\" aria-describedby=\"caption-attachment-27782\" style=\"width: 960px\" class=\"wp-caption alignnone\"><a href=\"https:\/\/www.43einhalb.com\/veja-v-12-leather-weiss-439262#description\" target=\"_blank\" rel=\"noopener noreferrer\"><img decoding=\"async\" loading=\"lazy\" class=\"wp-image-27782 size-large\" src=\"https:\/\/www.43einhalb.com\/blog\/wp-content\/uploads\/veja-v12-wei\u00df-960x576.jpg\" alt=\"VEJA V-12 Leather\" width=\"960\" height=\"576\" srcset=\"https:\/\/www.43einhalb.com\/blog\/wp-content\/uploads\/veja-v12-wei\u00df-960x576.jpg 960w, https:\/\/www.43einhalb.com\/blog\/wp-content\/uploads\/veja-v12-wei\u00df-540x324.jpg 540w, https:\/\/www.43einhalb.com\/blog\/wp-content\/uploads\/veja-v12-wei\u00df-768x461.jpg 768w, https:\/\/www.43einhalb.com\/blog\/wp-content\/uploads\/veja-v12-wei\u00df-370x222.jpg 370w, https:\/\/www.43einhalb.com\/blog\/wp-content\/uploads\/veja-v12-wei\u00df-570x342.jpg 570w, https:\/\/www.43einhalb.com\/blog\/wp-content\/uploads\/veja-v12-wei\u00df-770x462.jpg 770w, https:\/\/www.43einhalb.com\/blog\/wp-content\/uploads\/veja-v12-wei\u00df-967x580.jpg 967w, https:\/\/www.43einhalb.com\/blog\/wp-content\/uploads\/veja-v12-wei\u00df.jpg 1000w\" sizes=\"(max-width: 960px) 100vw, 960px\" \/><\/a><figcaption id=\"caption-attachment-27782\" class=\"wp-caption-text\">Mit dem VEJA V-12 Leather setzt Ihr auf dem Oktoberfest ein nachhaltiges Statement.<\/figcaption><\/figure>\n<p>Wollt ihr auf dem Oktoberfest nachhaltig unterwegs sein? Dann legen wir Euch den VEJA V-12 Leather ans Herz. Wie alle VEJA-Modelle wurde auch der VEJA V-12 Leather in Brasilien unter fairsten Arbeitsbedingungen und aus nachhaltigen Materialen hergestellt. Der cleane und zeitlose Look des Schuhs versucht sich nicht in den Vordergrund zu dr\u00e4ngen und l\u00e4sst Euch im Festzelt im besten Licht erscheinen.<\/p>\n<a href=\"https:\/\/www.43einhalb.com\/veja-v-12-leather-weiss-439262#description\" class=\"sc-button bg-black color-white\" target=\"_blank\"><span>VEJA V-12 Leather bei 43einhalb<\/span><\/a>\n<p>&nbsp;<\/p>\n<h3>Vans Old Skool<\/h3>\n<figure id=\"attachment_27784\" aria-describedby=\"caption-attachment-27784\" style=\"width: 960px\" class=\"wp-caption alignnone\"><a href=\"https:\/\/www.43einhalb.com\/vans-old-skool-lx-suede-braun-weiss-394625\" target=\"_blank\" rel=\"noopener noreferrer\"><img decoding=\"async\" loading=\"lazy\" class=\"wp-image-27784 size-large\" src=\"https:\/\/www.43einhalb.com\/blog\/wp-content\/uploads\/vans-old-skool-braun-960x576.jpg\" alt=\"Vans Old Skool\" width=\"960\" height=\"576\" srcset=\"https:\/\/www.43einhalb.com\/blog\/wp-content\/uploads\/vans-old-skool-braun-960x576.jpg 960w, https:\/\/www.43einhalb.com\/blog\/wp-content\/uploads\/vans-old-skool-braun-540x324.jpg 540w, https:\/\/www.43einhalb.com\/blog\/wp-content\/uploads\/vans-old-skool-braun-768x461.jpg 768w, https:\/\/www.43einhalb.com\/blog\/wp-content\/uploads\/vans-old-skool-braun-370x222.jpg 370w, https:\/\/www.43einhalb.com\/blog\/wp-content\/uploads\/vans-old-skool-braun-570x342.jpg 570w, https:\/\/www.43einhalb.com\/blog\/wp-content\/uploads\/vans-old-skool-braun-770x462.jpg 770w, https:\/\/www.43einhalb.com\/blog\/wp-content\/uploads\/vans-old-skool-braun-967x580.jpg 967w, https:\/\/www.43einhalb.com\/blog\/wp-content\/uploads\/vans-old-skool-braun.jpg 1000w\" sizes=\"(max-width: 960px) 100vw, 960px\" \/><\/a><figcaption id=\"caption-attachment-27784\" class=\"wp-caption-text\">Rockt den Skater-Klassiker Vans Old Skool auch auf der Wiesn.<\/figcaption><\/figure>\n<p>Vom Skateplatz auf die Wiesn \u2013 Der Vans Old Skool ist zweifelsohne ein Symbol f\u00fcr die Welt des Skateboarding. Mit seinem schlichten und zeitlosen Stil \u00fcberzeugt der Vans Old Skool LX Suede auch zur Lederhose. Mit einem braunen Suede-Upper und den hellbraunen Details, macht sich der Skate-Klassiker perfekt zu Eurem Wiesn-Outfit.<\/p>\n<a href=\"https:\/\/www.43einhalb.com\/vans-old-skool-lx-suede-braun-weiss-394625\" class=\"sc-button bg-black color-white\" target=\"_blank\"><span>Vans Old Skool bei 43einhalb<\/span><\/a>\n<p>&nbsp;<\/p>\n<div class=\"sc-separator type-thin\"><\/div>\n<p>&nbsp;<\/p>\n<h2>So rockt Ihr die Sneaker zum Dirndl<\/h2>\n<p>F\u00fcr die M\u00e4dels unter euch d\u00fcrfen es gerne etwas hellere Farben sein und nat\u00fcrlich sollten Eure Sneaker auf das Dirndl abgestimmt sein.<\/p>\n<h3>Reebok Club C 85<\/h3>\n<figure id=\"attachment_27785\" aria-describedby=\"caption-attachment-27785\" style=\"width: 960px\" class=\"wp-caption alignnone\"><a href=\"https:\/\/www.43einhalb.com\/reebok-club-c-85\/filter\/__geschlecht_maedels\/page\/1\/sort\/relevance\/perpage\/36\" target=\"_blank\" rel=\"noopener noreferrer\"><img decoding=\"async\" loading=\"lazy\" class=\"wp-image-27785 size-large\" src=\"https:\/\/www.43einhalb.com\/blog\/wp-content\/uploads\/club-c-85-vintage-960x576.jpg\" alt=\"Reebok Club C 85\" width=\"960\" height=\"576\" srcset=\"https:\/\/www.43einhalb.com\/blog\/wp-content\/uploads\/club-c-85-vintage-960x576.jpg 960w, https:\/\/www.43einhalb.com\/blog\/wp-content\/uploads\/club-c-85-vintage-540x324.jpg 540w, https:\/\/www.43einhalb.com\/blog\/wp-content\/uploads\/club-c-85-vintage-768x461.jpg 768w, https:\/\/www.43einhalb.com\/blog\/wp-content\/uploads\/club-c-85-vintage-370x222.jpg 370w, https:\/\/www.43einhalb.com\/blog\/wp-content\/uploads\/club-c-85-vintage-570x342.jpg 570w, https:\/\/www.43einhalb.com\/blog\/wp-content\/uploads\/club-c-85-vintage-770x462.jpg 770w, https:\/\/www.43einhalb.com\/blog\/wp-content\/uploads\/club-c-85-vintage-967x580.jpg 967w, https:\/\/www.43einhalb.com\/blog\/wp-content\/uploads\/club-c-85-vintage.jpg 1000w\" sizes=\"(max-width: 960px) 100vw, 960px\" \/><\/a><figcaption id=\"caption-attachment-27785\" class=\"wp-caption-text\">Unvergleichlicher Retro-Charm mit dem Reebok Club C 85 passend zum Dirndl.<\/figcaption><\/figure>\n<p>Retro-Fans unter Euch haben diesen Sneaker bestimmt bereits im Schuhregal. Der Reebok Club C 85 steht f\u00fcr Tradition und Authentizit\u00e4t. Es gibt wohl kaum einen M\u00e4dels-Sneaker, den man in den letzten Jahren \u00f6fter auf der Stra\u00dfe gesehen hat. Durch seinen cleanen Look und dem unvergleichlichen Retro-Charm k\u00f6nnt Ihr ihn super zu Eurem Dirndl oder einer kurzen Lederhose kombinieren.<\/p>\n<a href=\"https:\/\/www.43einhalb.com\/reebok-club-c-85\/filter\/__geschlecht_maedels\/page\/1\/sort\/relevance\/perpage\/36\" class=\"sc-button bg-black color-white\" target=\"_blank\"><span>Reebok Club C 85 bei 43einhalb<\/span><\/a>\n<p>&nbsp;<\/p>\n<h3>New Balance WL996<\/h3>\n<figure id=\"attachment_27788\" aria-describedby=\"caption-attachment-27788\" style=\"width: 960px\" class=\"wp-caption alignnone\"><a href=\"https:\/\/www.43einhalb.com\/new-balance-wl996vha-grau-weiss-348585\" target=\"_blank\" rel=\"noopener noreferrer\"><img decoding=\"async\" loading=\"lazy\" class=\"wp-image-27788 size-large\" src=\"https:\/\/www.43einhalb.com\/blog\/wp-content\/uploads\/new-balance-wl996-960x576.jpg\" alt=\"New Balance WL996\" width=\"960\" height=\"576\" srcset=\"https:\/\/www.43einhalb.com\/blog\/wp-content\/uploads\/new-balance-wl996-960x576.jpg 960w, https:\/\/www.43einhalb.com\/blog\/wp-content\/uploads\/new-balance-wl996-540x324.jpg 540w, https:\/\/www.43einhalb.com\/blog\/wp-content\/uploads\/new-balance-wl996-768x461.jpg 768w, https:\/\/www.43einhalb.com\/blog\/wp-content\/uploads\/new-balance-wl996-370x222.jpg 370w, https:\/\/www.43einhalb.com\/blog\/wp-content\/uploads\/new-balance-wl996-570x342.jpg 570w, https:\/\/www.43einhalb.com\/blog\/wp-content\/uploads\/new-balance-wl996-770x462.jpg 770w, https:\/\/www.43einhalb.com\/blog\/wp-content\/uploads\/new-balance-wl996-967x580.jpg 967w, https:\/\/www.43einhalb.com\/blog\/wp-content\/uploads\/new-balance-wl996.jpg 1000w\" sizes=\"(max-width: 960px) 100vw, 960px\" \/><\/a><figcaption id=\"caption-attachment-27788\" class=\"wp-caption-text\">Die schlanke Silhouette des New Balance WL996 passt perfekt zu Eurem Dirndl.<\/figcaption><\/figure>\n<p>Der 996 geh\u00f6rt seit seiner Erstver\u00f6ffentlichung 1987 zu den Ikonen im New Balance Sortiment. Also warum nicht auch ab damit aufs Oktoberfest? Die schlanke Silhouette des New Balance WL996 passt in dezenten Farbt\u00f6nen perfekt zu Eurem Dirndl und dr\u00e4ngt sich dabei nicht in den Vordergrund.<\/p>\n<a href=\"https:\/\/www.43einhalb.com\/new-balance-wl996vha-grau-weiss-348585\" class=\"sc-button bg-black color-white\" target=\"_blank\"><span>New Balance WL996 bei 43einhalb<\/span><\/a>\n<p>&nbsp;<\/p>\n<h3>Nike WMNS Internationalist<\/h3>\n<figure id=\"attachment_27789\" aria-describedby=\"caption-attachment-27789\" style=\"width: 960px\" class=\"wp-caption alignnone\"><a href=\"https:\/\/www.43einhalb.com\/nike-wmns-internationalist\" target=\"_blank\" rel=\"noopener noreferrer\"><img decoding=\"async\" loading=\"lazy\" class=\"wp-image-27789 size-large\" src=\"https:\/\/www.43einhalb.com\/blog\/wp-content\/uploads\/wmns-internationalist-weiss-960x576.jpg\" alt=\"Nike WMNS Internationalist\" width=\"960\" height=\"576\" srcset=\"https:\/\/www.43einhalb.com\/blog\/wp-content\/uploads\/wmns-internationalist-weiss-960x576.jpg 960w, https:\/\/www.43einhalb.com\/blog\/wp-content\/uploads\/wmns-internationalist-weiss-540x324.jpg 540w, https:\/\/www.43einhalb.com\/blog\/wp-content\/uploads\/wmns-internationalist-weiss-768x461.jpg 768w, https:\/\/www.43einhalb.com\/blog\/wp-content\/uploads\/wmns-internationalist-weiss-370x222.jpg 370w, https:\/\/www.43einhalb.com\/blog\/wp-content\/uploads\/wmns-internationalist-weiss-570x342.jpg 570w, https:\/\/www.43einhalb.com\/blog\/wp-content\/uploads\/wmns-internationalist-weiss-770x462.jpg 770w, https:\/\/www.43einhalb.com\/blog\/wp-content\/uploads\/wmns-internationalist-weiss-967x580.jpg 967w, https:\/\/www.43einhalb.com\/blog\/wp-content\/uploads\/wmns-internationalist-weiss.jpg 1000w\" sizes=\"(max-width: 960px) 100vw, 960px\" \/><\/a><figcaption id=\"caption-attachment-27789\" class=\"wp-caption-text\">Der Nike WMNS Internationalist ist ein echtes Allround-Talent und macht sich super zum Dirndl.<\/figcaption><\/figure>\n<p>Ein Klassiker f\u00fcr immer und \u00fcberall: Der Nike WMNS Internationalist ist ein echtes Allround-Talent und hat sich \u00fcber die Jahre zu einem zeitlosen Klassiker entwickelt. Keine Frage warum nicht auch der Internationalist das Oktoberfest rocken kann. Dabei setzt ihr passend zum Dirndl am besten auf dezente Farbt\u00f6ne oder einfach ganz klassisch auf Wei\u00df. Der Internationalist macht einfach immer einen schmalen, femininen Fu\u00df und ist auch in Punkto Komfort unschlagbar.<\/p>\n<a href=\"https:\/\/www.43einhalb.com\/nike-wmns-internationalist\" class=\"sc-button bg-black color-white\" target=\"_blank\"><span>Nike WMNS Internationalist bei 43einhalb<\/span><\/a>\n<p>&nbsp;<\/p>\n<h3>adidas Supercourt W<\/h3>\n<figure id=\"attachment_27795\" aria-describedby=\"caption-attachment-27795\" style=\"width: 960px\" class=\"wp-caption alignnone\"><a href=\"https:\/\/www.43einhalb.com\/adidas-supercourt\/filter\/__geschlecht_maedels\/page\/1\/sort\/relevance\/perpage\/36\" target=\"_blank\" rel=\"noopener noreferrer\"><img decoding=\"async\" loading=\"lazy\" class=\"wp-image-27795 size-large\" src=\"https:\/\/www.43einhalb.com\/blog\/wp-content\/uploads\/adidas-supercourt-wei\u00df-960x576.jpg\" alt=\"adidas Supercourt W\" width=\"960\" height=\"576\" srcset=\"https:\/\/www.43einhalb.com\/blog\/wp-content\/uploads\/adidas-supercourt-wei\u00df-960x576.jpg 960w, https:\/\/www.43einhalb.com\/blog\/wp-content\/uploads\/adidas-supercourt-wei\u00df-540x324.jpg 540w, https:\/\/www.43einhalb.com\/blog\/wp-content\/uploads\/adidas-supercourt-wei\u00df-768x461.jpg 768w, https:\/\/www.43einhalb.com\/blog\/wp-content\/uploads\/adidas-supercourt-wei\u00df-370x222.jpg 370w, https:\/\/www.43einhalb.com\/blog\/wp-content\/uploads\/adidas-supercourt-wei\u00df-570x342.jpg 570w, https:\/\/www.43einhalb.com\/blog\/wp-content\/uploads\/adidas-supercourt-wei\u00df-770x462.jpg 770w, https:\/\/www.43einhalb.com\/blog\/wp-content\/uploads\/adidas-supercourt-wei\u00df-967x580.jpg 967w, https:\/\/www.43einhalb.com\/blog\/wp-content\/uploads\/adidas-supercourt-wei\u00df.jpg 1000w\" sizes=\"(max-width: 960px) 100vw, 960px\" \/><\/a><figcaption id=\"caption-attachment-27795\" class=\"wp-caption-text\">Mit dem adidas Supercourt rockt Ihr einen echten Tennis-Klassiker auf dem Oktoberfest.<\/figcaption><\/figure>\n<p>Noch ein Tennis-Klassiker f\u00fcrs Oktoberfest. Tennis und Wiesn h\u00f6rt sich erstmal nach einer wilden Kombination an, doch der adidas Supercourt W macht sich super zu Dirndl oder Lederhose. Das\u00a0schlichte\u00a0Obermaterial wird durch dekorative N\u00e4hte und mehreren Overlays unterbrochen, wodurch der Supercourt einen perfekten Mix aus Minimalismus und modernem Design darstellt.<\/p>\n<a href=\"https:\/\/www.43einhalb.com\/adidas-supercourt\/filter\/__geschlecht_maedels\/page\/1\/sort\/relevance\/perpage\/36\" class=\"sc-button bg-black color-white\" target=\"_blank\"><span>adidas Supercourt bei 43einhalb<\/span><\/a>\n<p>&nbsp;<\/p>\n<h2>Trachten-Sneaker richtig waschen und pflegen<\/h2>\n<p>An einem langen Oktoberfest-Tag sind Eure Sneaker ganz sch\u00f6nen Strapazen ausgesetzt: Im dichten Gedr\u00e4nge der U-Bahn wird auf Eure F\u00fc\u00dfe getreten, am Nachbartisch versch\u00fcttet jemand das Bier und nicht zu vergessen sind die schmelzenden Schokofr\u00fcchte. Ein Wiesn-Tag verursacht viel Dreck. Und vor allem wei\u00dfe Sneaker sind ein gefundenes Fressen f\u00fcr die von uns aufgez\u00e4hlten Situationen. Doch bevor Ihr Euch von Euren liebsten Sch\u00e4tzen verabschieden m\u00fcsst, haben wir Euch eine ausf\u00fchrliche Anleitung erstellt, um Eure <a href=\"https:\/\/www.43einhalb.com\/blog\/sneaker-richtig-waschen-und-pflegen-2\/\" target=\"_blank\" rel=\"noopener noreferrer\">Sneaker richtig zu waschen und zu pflegen<\/a>:<\/p>\n<a href=\"https:\/\/www.43einhalb.com\/blog\/sneaker-richtig-waschen-und-pflegen-2\/\" class=\"sc-button bg-black color-white\" target=\"_blank\"><span>Sneaker richtig waschen und pflegen<\/span><\/a>\n<p>&nbsp;<\/p>\n<p>Alle Schuhe, die wir Euch in diesem Beitrag gezeigt haben, findet Ihr auch in unserer Shop-Kategorie \u00bbOktoberfest Sneaker\u00ab &#8211; einfach den unten stehenden Button klicken und unsere Auswahl abchecken, dann seid Ihr f\u00fcr die Wiesn bestens vorbereitet.<\/p>\n<a href=\"https:\/\/www.43einhalb.com\/oktoberfest-sneaker\" class=\"sc-button bg-black color-white\" target=\"_blank\"><span>Oktoberfest Sneaker bei 43einhalb<\/span><\/a>\n<p>&nbsp;<\/p>\n<p>&nbsp;<\/p>\n<\/article>","protected":false},"excerpt":{"rendered":"<p>Statement oder Traditionsbruch? Sneaker zur Tracht werden immer mehr auf dem M\u00fcnchner Oktoberfest gesichtet. Manche sagen, dass sei ein absolutes No-Go. Doch wir behaupten&#8230;<\/p>\n","protected":false},"author":29,"featured_media":27778,"comment_status":"open","ping_status":"open","sticky":false,"template":"","format":"standard","meta":{"footnotes":""},"categories":[709,207,1],"tags":[893,894,891,896,895,892],"yoast_head":"<!-- This site is optimized with the Yoast SEO plugin v21.3 - https:\/\/yoast.com\/wordpress\/plugins\/seo\/ -->\n<title>Die besten Trachten-Sneaker f\u00fcr das Oktoberfest | 43einhalb blog \ud83d\udc5f<\/title>\n<meta name=\"robots\" content=\"index, follow, max-snippet:-1, max-image-preview:large, max-video-preview:-1\" \/>\n<link rel=\"canonical\" href=\"https:\/\/www.43einhalb.com\/blog\/trachten-sneaker\/\" \/>\n<meta property=\"og:locale\" content=\"de_DE\" \/>\n<meta property=\"og:type\" content=\"article\" \/>\n<meta property=\"og:title\" content=\"Die besten Trachten-Sneaker f\u00fcr das Oktoberfest | 43einhalb blog \ud83d\udc5f\" \/>\n<meta property=\"og:description\" content=\"Statement oder Traditionsbruch? Sneaker zur Tracht werden immer mehr auf dem M\u00fcnchner Oktoberfest gesichtet. Manche sagen, dass sei ein absolutes No-Go. Doch wir behaupten...\" \/>\n<meta property=\"og:url\" content=\"https:\/\/www.43einhalb.com\/blog\/trachten-sneaker\/\" \/>\n<meta property=\"og:site_name\" content=\"43einhalb blog\" \/>\n<meta property=\"article:published_time\" content=\"2018-09-01T12:23:48+00:00\" \/>\n<meta property=\"article:modified_time\" content=\"2020-09-01T16:21:31+00:00\" \/>\n<meta property=\"og:image\" content=\"https:\/\/www.43einhalb.com\/blog\/wp-content\/uploads\/Lederhose-adidas-muenchen.jpg\" \/>\n\t<meta property=\"og:image:width\" content=\"1500\" \/>\n\t<meta property=\"og:image:height\" content=\"1000\" \/>\n\t<meta property=\"og:image:type\" content=\"image\/jpeg\" \/>\n<meta name=\"author\" content=\"Admin\" \/>\n<meta name=\"twitter:card\" content=\"summary_large_image\" \/>\n<meta name=\"twitter:label1\" content=\"Verfasst von\" \/>\n\t<meta name=\"twitter:data1\" content=\"Admin\" \/>\n\t<meta name=\"twitter:label2\" content=\"Gesch\u00e4tzte Lesezeit\" \/>\n\t<meta name=\"twitter:data2\" content=\"7\u00a0Minuten\" \/>\n<script type=\"application\/ld+json\" class=\"yoast-schema-graph\">{\"@context\":\"https:\/\/schema.org\",\"@graph\":[{\"@type\":\"Article\",\"@id\":\"https:\/\/www.43einhalb.com\/blog\/trachten-sneaker\/#article\",\"isPartOf\":{\"@id\":\"https:\/\/www.43einhalb.com\/blog\/trachten-sneaker\/\"},\"author\":{\"name\":\"Admin\",\"@id\":\"https:\/\/www.43einhalb.com\/blog\/#\/schema\/person\/434e22628070db0427abff41366d7110\"},\"headline\":\"Die besten Trachten-Sneaker f\u00fcr das Oktoberfest\",\"datePublished\":\"2018-09-01T12:23:48+00:00\",\"dateModified\":\"2020-09-01T16:21:31+00:00\",\"mainEntityOfPage\":{\"@id\":\"https:\/\/www.43einhalb.com\/blog\/trachten-sneaker\/\"},\"wordCount\":1441,\"commentCount\":0,\"publisher\":{\"@id\":\"https:\/\/www.43einhalb.com\/blog\/#organization\"},\"keywords\":[\"dirndl\",\"lederhose\",\"oktoberfest\",\"Tracht\",\"trachten sneaker\",\"wiesn\"],\"articleSection\":[\"Nice to Know\",\"Sneaker\",\"Unkategorisiert\"],\"inLanguage\":\"de\",\"potentialAction\":[{\"@type\":\"CommentAction\",\"name\":\"Comment\",\"target\":[\"https:\/\/www.43einhalb.com\/blog\/trachten-sneaker\/#respond\"]}]},{\"@type\":\"WebPage\",\"@id\":\"https:\/\/www.43einhalb.com\/blog\/trachten-sneaker\/\",\"url\":\"https:\/\/www.43einhalb.com\/blog\/trachten-sneaker\/\",\"name\":\"Die besten Trachten-Sneaker f\u00fcr das Oktoberfest | 43einhalb blog \ud83d\udc5f\",\"isPartOf\":{\"@id\":\"https:\/\/www.43einhalb.com\/blog\/#website\"},\"datePublished\":\"2018-09-01T12:23:48+00:00\",\"dateModified\":\"2020-09-01T16:21:31+00:00\",\"breadcrumb\":{\"@id\":\"https:\/\/www.43einhalb.com\/blog\/trachten-sneaker\/#breadcrumb\"},\"inLanguage\":\"de\",\"potentialAction\":[{\"@type\":\"ReadAction\",\"target\":[\"https:\/\/www.43einhalb.com\/blog\/trachten-sneaker\/\"]}]},{\"@type\":\"BreadcrumbList\",\"@id\":\"https:\/\/www.43einhalb.com\/blog\/trachten-sneaker\/#breadcrumb\",\"itemListElement\":[{\"@type\":\"ListItem\",\"position\":1,\"name\":\"Startseite\",\"item\":\"https:\/\/www.43einhalb.com\/blog\/\"},{\"@type\":\"ListItem\",\"position\":2,\"name\":\"Die besten Trachten-Sneaker f\u00fcr das Oktoberfest\"}]},{\"@type\":\"WebSite\",\"@id\":\"https:\/\/www.43einhalb.com\/blog\/#website\",\"url\":\"https:\/\/www.43einhalb.com\/blog\/\",\"name\":\"43einhalb blog\",\"description\":\"\",\"publisher\":{\"@id\":\"https:\/\/www.43einhalb.com\/blog\/#organization\"},\"potentialAction\":[{\"@type\":\"SearchAction\",\"target\":{\"@type\":\"EntryPoint\",\"urlTemplate\":\"https:\/\/www.43einhalb.com\/blog\/?s={search_term_string}\"},\"query-input\":\"required name=search_term_string\"}],\"inLanguage\":\"de\"},{\"@type\":\"Organization\",\"@id\":\"https:\/\/www.43einhalb.com\/blog\/#organization\",\"name\":\"43einhalb\",\"url\":\"https:\/\/www.43einhalb.com\/blog\/\",\"logo\":{\"@type\":\"ImageObject\",\"inLanguage\":\"de\",\"@id\":\"https:\/\/www.43einhalb.com\/blog\/#\/schema\/logo\/image\/\",\"url\":\"https:\/\/www.43einhalb.com\/blog\/wp-content\/uploads\/2018\/05\/4312_logo_XL_4000px.png\",\"contentUrl\":\"https:\/\/www.43einhalb.com\/blog\/wp-content\/uploads\/2018\/05\/4312_logo_XL_4000px.png\",\"width\":2000,\"height\":2000,\"caption\":\"43einhalb\"},\"image\":{\"@id\":\"https:\/\/www.43einhalb.com\/blog\/#\/schema\/logo\/image\/\"}},{\"@type\":\"Person\",\"@id\":\"https:\/\/www.43einhalb.com\/blog\/#\/schema\/person\/434e22628070db0427abff41366d7110\",\"name\":\"Admin\",\"url\":\"https:\/\/www.43einhalb.com\/blog\/author\/43einhalb-admin\/\"}]}<\/script>\n<!-- \/ Yoast SEO plugin. -->","yoast_head_json":{"title":"Die besten Trachten-Sneaker f\u00fcr das Oktoberfest | 43einhalb blog \ud83d\udc5f","robots":{"index":"index","follow":"follow","max-snippet":"max-snippet:-1","max-image-preview":"max-image-preview:large","max-video-preview":"max-video-preview:-1"},"canonical":"https:\/\/www.43einhalb.com\/blog\/trachten-sneaker\/","og_locale":"de_DE","og_type":"article","og_title":"Die besten Trachten-Sneaker f\u00fcr das Oktoberfest | 43einhalb blog \ud83d\udc5f","og_description":"Statement oder Traditionsbruch? Sneaker zur Tracht werden immer mehr auf dem M\u00fcnchner Oktoberfest gesichtet. Manche sagen, dass sei ein absolutes No-Go. Doch wir behaupten...","og_url":"https:\/\/www.43einhalb.com\/blog\/trachten-sneaker\/","og_site_name":"43einhalb blog","article_published_time":"2018-09-01T12:23:48+00:00","article_modified_time":"2020-09-01T16:21:31+00:00","og_image":[{"width":1500,"height":1000,"url":"https:\/\/www.43einhalb.com\/blog\/wp-content\/uploads\/Lederhose-adidas-muenchen.jpg","type":"image\/jpeg"}],"author":"Admin","twitter_card":"summary_large_image","twitter_misc":{"Verfasst von":"Admin","Gesch\u00e4tzte Lesezeit":"7\u00a0Minuten"},"schema":{"@context":"https:\/\/schema.org","@graph":[{"@type":"Article","@id":"https:\/\/www.43einhalb.com\/blog\/trachten-sneaker\/#article","isPartOf":{"@id":"https:\/\/www.43einhalb.com\/blog\/trachten-sneaker\/"},"author":{"name":"Admin","@id":"https:\/\/www.43einhalb.com\/blog\/#\/schema\/person\/434e22628070db0427abff41366d7110"},"headline":"Die besten Trachten-Sneaker f\u00fcr das Oktoberfest","datePublished":"2018-09-01T12:23:48+00:00","dateModified":"2020-09-01T16:21:31+00:00","mainEntityOfPage":{"@id":"https:\/\/www.43einhalb.com\/blog\/trachten-sneaker\/"},"wordCount":1441,"commentCount":0,"publisher":{"@id":"https:\/\/www.43einhalb.com\/blog\/#organization"},"keywords":["dirndl","lederhose","oktoberfest","Tracht","trachten sneaker","wiesn"],"articleSection":["Nice to Know","Sneaker","Unkategorisiert"],"inLanguage":"de","potentialAction":[{"@type":"CommentAction","name":"Comment","target":["https:\/\/www.43einhalb.com\/blog\/trachten-sneaker\/#respond"]}]},{"@type":"WebPage","@id":"https:\/\/www.43einhalb.com\/blog\/trachten-sneaker\/","url":"https:\/\/www.43einhalb.com\/blog\/trachten-sneaker\/","name":"Die besten Trachten-Sneaker f\u00fcr das Oktoberfest | 43einhalb blog \ud83d\udc5f","isPartOf":{"@id":"https:\/\/www.43einhalb.com\/blog\/#website"},"datePublished":"2018-09-01T12:23:48+00:00","dateModified":"2020-09-01T16:21:31+00:00","breadcrumb":{"@id":"https:\/\/www.43einhalb.com\/blog\/trachten-sneaker\/#breadcrumb"},"inLanguage":"de","potentialAction":[{"@type":"ReadAction","target":["https:\/\/www.43einhalb.com\/blog\/trachten-sneaker\/"]}]},{"@type":"BreadcrumbList","@id":"https:\/\/www.43einhalb.com\/blog\/trachten-sneaker\/#breadcrumb","itemListElement":[{"@type":"ListItem","position":1,"name":"Startseite","item":"https:\/\/www.43einhalb.com\/blog\/"},{"@type":"ListItem","position":2,"name":"Die besten Trachten-Sneaker f\u00fcr das Oktoberfest"}]},{"@type":"WebSite","@id":"https:\/\/www.43einhalb.com\/blog\/#website","url":"https:\/\/www.43einhalb.com\/blog\/","name":"43einhalb blog","description":"","publisher":{"@id":"https:\/\/www.43einhalb.com\/blog\/#organization"},"potentialAction":[{"@type":"SearchAction","target":{"@type":"EntryPoint","urlTemplate":"https:\/\/www.43einhalb.com\/blog\/?s={search_term_string}"},"query-input":"required name=search_term_string"}],"inLanguage":"de"},{"@type":"Organization","@id":"https:\/\/www.43einhalb.com\/blog\/#organization","name":"43einhalb","url":"https:\/\/www.43einhalb.com\/blog\/","logo":{"@type":"ImageObject","inLanguage":"de","@id":"https:\/\/www.43einhalb.com\/blog\/#\/schema\/logo\/image\/","url":"https:\/\/www.43einhalb.com\/blog\/wp-content\/uploads\/2018\/05\/4312_logo_XL_4000px.png","contentUrl":"https:\/\/www.43einhalb.com\/blog\/wp-content\/uploads\/2018\/05\/4312_logo_XL_4000px.png","width":2000,"height":2000,"caption":"43einhalb"},"image":{"@id":"https:\/\/www.43einhalb.com\/blog\/#\/schema\/logo\/image\/"}},{"@type":"Person","@id":"https:\/\/www.43einhalb.com\/blog\/#\/schema\/person\/434e22628070db0427abff41366d7110","name":"Admin","url":"https:\/\/www.43einhalb.com\/blog\/author\/43einhalb-admin\/"}]}},"_links":{"self":[{"href":"https:\/\/www.43einhalb.com\/blog\/wp-json\/wp\/v2\/posts\/27756"}],"collection":[{"href":"https:\/\/www.43einhalb.com\/blog\/wp-json\/wp\/v2\/posts"}],"about":[{"href":"https:\/\/www.43einhalb.com\/blog\/wp-json\/wp\/v2\/types\/post"}],"author":[{"embeddable":true,"href":"https:\/\/www.43einhalb.com\/blog\/wp-json\/wp\/v2\/users\/29"}],"replies":[{"embeddable":true,"href":"https:\/\/www.43einhalb.com\/blog\/wp-json\/wp\/v2\/comments?post=27756"}],"version-history":[{"count":32,"href":"https:\/\/www.43einhalb.com\/blog\/wp-json\/wp\/v2\/posts\/27756\/revisions"}],"predecessor-version":[{"id":27900,"href":"https:\/\/www.43einhalb.com\/blog\/wp-json\/wp\/v2\/posts\/27756\/revisions\/27900"}],"wp:featuredmedia":[{"embeddable":true,"href":"https:\/\/www.43einhalb.com\/blog\/wp-json\/wp\/v2\/media\/27778"}],"wp:attachment":[{"href":"https:\/\/www.43einhalb.com\/blog\/wp-json\/wp\/v2\/media?parent=27756"}],"wp:term":[{"taxonomy":"category","embeddable":true,"href":"https:\/\/www.43einhalb.com\/blog\/wp-json\/wp\/v2\/categories?post=27756"},{"taxonomy":"post_tag","embeddable":true,"href":"https:\/\/www.43einhalb.com\/blog\/wp-json\/wp\/v2\/tags?post=27756"}],"curies":[{"name":"wp","href":"https:\/\/api.w.org\/{rel}","templated":true}]}}