{"id":55588,"date":"2024-02-16T08:00:39","date_gmt":"2024-02-16T07:00:39","guid":{"rendered":"https:\/\/www.43einhalb.com\/blog\/?p=55588"},"modified":"2024-03-14T14:26:38","modified_gmt":"2024-03-14T13:26:38","slug":"adidas-bern-gtx-the-wunder","status":"publish","type":"post","link":"https:\/\/www.43einhalb.com\/blog\/adidas-bern-gtx-the-wunder\/","title":{"rendered":"adidas Bern GTX \u00bbThe Wunder\u00ab"},"content":{"rendered":"<article class=\"entry-content\"><p class=\"p1\">Wir haben den adidas Bern GTX an den Ort zur\u00fcckgebracht, an dem \u00bbDas Wunder\u00ab 1954 begann. W\u00e4hrend der Weltmeisterschaft in Bern, Schweiz, residierte das Team im Hotel Belv\u00e9d\u00e8re am Strand des Thunersees in Spiez, ein paar Kilometer von Bern entfernt.<\/p>\n<p class=\"p1\">Damals war Adi Dassler &#8211; ja, DER Adi Dassler, der Gr\u00fcnder von adidas &#8211; der Trikotwart der deutschen Nationalmannschaft.<\/p>\n<div id='gallery-1' class='gallery galleryid-55588 gallery-columns-2 gallery-size-full'><figure class='gallery-item'>\n\t\t\t<div class='gallery-icon portrait'>\n\t\t\t\t<a href='https:\/\/www.43einhalb.com\/blog\/adidas-bern-gtx-the-wunder\/post_if3800_teaser\/'><img width=\"850\" height=\"1062\" src=\"https:\/\/www.43einhalb.com\/blog\/wp-content\/uploads\/Post_IF3800_Teaser.png\" class=\"attachment-full size-full\" alt=\"\" decoding=\"async\" loading=\"lazy\" srcset=\"https:\/\/www.43einhalb.com\/blog\/wp-content\/uploads\/Post_IF3800_Teaser.png 850w, https:\/\/www.43einhalb.com\/blog\/wp-content\/uploads\/Post_IF3800_Teaser-540x675.png 540w, https:\/\/www.43einhalb.com\/blog\/wp-content\/uploads\/Post_IF3800_Teaser-768x960.png 768w, https:\/\/www.43einhalb.com\/blog\/wp-content\/uploads\/Post_IF3800_Teaser-370x462.png 370w, https:\/\/www.43einhalb.com\/blog\/wp-content\/uploads\/Post_IF3800_Teaser-570x712.png 570w, https:\/\/www.43einhalb.com\/blog\/wp-content\/uploads\/Post_IF3800_Teaser-770x962.png 770w, https:\/\/www.43einhalb.com\/blog\/wp-content\/uploads\/Post_IF3800_Teaser-464x580.png 464w\" sizes=\"(max-width: 850px) 100vw, 850px\" \/><\/a>\n\t\t\t<\/div><\/figure><figure class='gallery-item'>\n\t\t\t<div class='gallery-icon portrait'>\n\t\t\t\t<a href='https:\/\/www.43einhalb.com\/blog\/adidas-bern-gtx-the-wunder\/post_if3800_2_3\/'><img width=\"850\" height=\"1062\" src=\"https:\/\/www.43einhalb.com\/blog\/wp-content\/uploads\/Post_IF3800_2_3.png\" class=\"attachment-full size-full\" alt=\"\" decoding=\"async\" loading=\"lazy\" srcset=\"https:\/\/www.43einhalb.com\/blog\/wp-content\/uploads\/Post_IF3800_2_3.png 850w, https:\/\/www.43einhalb.com\/blog\/wp-content\/uploads\/Post_IF3800_2_3-540x675.png 540w, https:\/\/www.43einhalb.com\/blog\/wp-content\/uploads\/Post_IF3800_2_3-768x960.png 768w, https:\/\/www.43einhalb.com\/blog\/wp-content\/uploads\/Post_IF3800_2_3-370x462.png 370w, https:\/\/www.43einhalb.com\/blog\/wp-content\/uploads\/Post_IF3800_2_3-570x712.png 570w, https:\/\/www.43einhalb.com\/blog\/wp-content\/uploads\/Post_IF3800_2_3-770x962.png 770w, https:\/\/www.43einhalb.com\/blog\/wp-content\/uploads\/Post_IF3800_2_3-464x580.png 464w\" sizes=\"(max-width: 850px) 100vw, 850px\" \/><\/a>\n\t\t\t<\/div><\/figure>\n\t\t<\/div>\n\n<p class=\"p1\">Die Legende besagt, dass seine Innovation den Ausschlag gab und dazu f\u00fchrte, dass Deutschland erstmals das gr\u00f6\u00dfte Turnier \u00fcberhaupt gewann. Er stattete die Mannschaft mit austauschbaren Stollen an ihren Fu\u00dfballschuhen aus, damit sie sich den verschiedenen Bedingungen und dem Wetter anpassen konnte. Der Bern GTX ist zwar nicht f\u00fcr den Fu\u00dfballplatz geeignet, aber trotzt dank seiner Ausstattung jeglicher Wetterbedingungen.<\/p>\n<div id='gallery-2' class='gallery galleryid-55588 gallery-columns-2 gallery-size-full'><figure class='gallery-item'>\n\t\t\t<div class='gallery-icon portrait'>\n\t\t\t\t<a href='https:\/\/www.43einhalb.com\/blog\/adidas-bern-gtx-the-wunder\/post_if3800_1_2\/'><img width=\"900\" height=\"1125\" src=\"https:\/\/www.43einhalb.com\/blog\/wp-content\/uploads\/Post_IF3800_1_2.png\" class=\"attachment-full size-full\" alt=\"\" decoding=\"async\" loading=\"lazy\" srcset=\"https:\/\/www.43einhalb.com\/blog\/wp-content\/uploads\/Post_IF3800_1_2.png 900w, https:\/\/www.43einhalb.com\/blog\/wp-content\/uploads\/Post_IF3800_1_2-540x675.png 540w, https:\/\/www.43einhalb.com\/blog\/wp-content\/uploads\/Post_IF3800_1_2-768x960.png 768w, https:\/\/www.43einhalb.com\/blog\/wp-content\/uploads\/Post_IF3800_1_2-370x463.png 370w, https:\/\/www.43einhalb.com\/blog\/wp-content\/uploads\/Post_IF3800_1_2-570x713.png 570w, https:\/\/www.43einhalb.com\/blog\/wp-content\/uploads\/Post_IF3800_1_2-770x963.png 770w, https:\/\/www.43einhalb.com\/blog\/wp-content\/uploads\/Post_IF3800_1_2-464x580.png 464w\" sizes=\"(max-width: 900px) 100vw, 900px\" \/><\/a>\n\t\t\t<\/div><\/figure><figure class='gallery-item'>\n\t\t\t<div class='gallery-icon portrait'>\n\t\t\t\t<a href='https:\/\/www.43einhalb.com\/blog\/adidas-bern-gtx-the-wunder\/post_if3800_5_2\/'><img width=\"900\" height=\"1125\" src=\"https:\/\/www.43einhalb.com\/blog\/wp-content\/uploads\/Post_IF3800_5_2.png\" class=\"attachment-full size-full\" alt=\"\" decoding=\"async\" loading=\"lazy\" srcset=\"https:\/\/www.43einhalb.com\/blog\/wp-content\/uploads\/Post_IF3800_5_2.png 900w, https:\/\/www.43einhalb.com\/blog\/wp-content\/uploads\/Post_IF3800_5_2-540x675.png 540w, https:\/\/www.43einhalb.com\/blog\/wp-content\/uploads\/Post_IF3800_5_2-768x960.png 768w, https:\/\/www.43einhalb.com\/blog\/wp-content\/uploads\/Post_IF3800_5_2-370x463.png 370w, https:\/\/www.43einhalb.com\/blog\/wp-content\/uploads\/Post_IF3800_5_2-570x713.png 570w, https:\/\/www.43einhalb.com\/blog\/wp-content\/uploads\/Post_IF3800_5_2-770x963.png 770w, https:\/\/www.43einhalb.com\/blog\/wp-content\/uploads\/Post_IF3800_5_2-464x580.png 464w\" sizes=\"(max-width: 900px) 100vw, 900px\" \/><\/a>\n\t\t\t<\/div><\/figure>\n\t\t<\/div>\n\n<p class=\"p1\">Die \u00c4sthetik der Silhouette spiegelt die ikonische \u00c4ra wider. Der Bern GTX verf\u00fcgt \u00fcber ein hochwertiges Lederobermaterial, Metall\u00f6sen und kontrastreiche Lederakzente. Diese Elemente tragen nicht nur zu einem zeitlosen und anspruchsvollen Design bei, sondern sind auch eine Hommage an die klassische \u00c4sthetik von dem einflussreichem Fu\u00dfballschuh, mit dem der deutsche Fu\u00dfballspieler Max Morlock 1954 das Anschlusstor schoss. Sein Originalschuh, den er damals trug, geh\u00f6rt \u00fcbrigens zum wertvollsten, was die adidas Archive zu bieten haben.<\/p>\n<p class=\"p1\">Der adidas Bern Gore-Tex bietet neben seinem nostalgischen Design auch praktische Features mit einem modernen Touch. Durch die Integration einer GORE-TEX-Membran ist der Sneaker wasserfest und wird damit auf das n\u00e4chste Level gehoben. Echte Fu\u00dfballfans werden hier sicherlich auch den Zusammenhang mit dem ber\u00fchmten Fritz-Walter-Wetter erkennen. All in all, die perfekte Kombination aus Stil und Funktionalit\u00e4t und passt perfekt in den aktuellen T-Toe Trend, den adidas in den letzten zwei Jahren wie kaum eine andere Brand gepr\u00e4gt hat.<span class=\"Apple-converted-space\">\u00a0<\/span><\/p>\n<div id='gallery-3' class='gallery galleryid-55588 gallery-columns-2 gallery-size-full'><figure class='gallery-item'>\n\t\t\t<div class='gallery-icon portrait'>\n\t\t\t\t<a href='https:\/\/www.43einhalb.com\/blog\/adidas-bern-gtx-the-wunder\/post_if3800_5_4\/'><img width=\"900\" height=\"1125\" src=\"https:\/\/www.43einhalb.com\/blog\/wp-content\/uploads\/Post_IF3800_5_4.png\" class=\"attachment-full size-full\" alt=\"\" decoding=\"async\" loading=\"lazy\" srcset=\"https:\/\/www.43einhalb.com\/blog\/wp-content\/uploads\/Post_IF3800_5_4.png 900w, https:\/\/www.43einhalb.com\/blog\/wp-content\/uploads\/Post_IF3800_5_4-540x675.png 540w, https:\/\/www.43einhalb.com\/blog\/wp-content\/uploads\/Post_IF3800_5_4-768x960.png 768w, https:\/\/www.43einhalb.com\/blog\/wp-content\/uploads\/Post_IF3800_5_4-370x463.png 370w, https:\/\/www.43einhalb.com\/blog\/wp-content\/uploads\/Post_IF3800_5_4-570x713.png 570w, https:\/\/www.43einhalb.com\/blog\/wp-content\/uploads\/Post_IF3800_5_4-770x963.png 770w, https:\/\/www.43einhalb.com\/blog\/wp-content\/uploads\/Post_IF3800_5_4-464x580.png 464w\" sizes=\"(max-width: 900px) 100vw, 900px\" \/><\/a>\n\t\t\t<\/div><\/figure><figure class='gallery-item'>\n\t\t\t<div class='gallery-icon portrait'>\n\t\t\t\t<a href='https:\/\/www.43einhalb.com\/blog\/adidas-bern-gtx-the-wunder\/post_if3800_1_3\/'><img width=\"900\" height=\"1125\" src=\"https:\/\/www.43einhalb.com\/blog\/wp-content\/uploads\/Post_IF3800_1_3.png\" class=\"attachment-full size-full\" alt=\"\" decoding=\"async\" loading=\"lazy\" srcset=\"https:\/\/www.43einhalb.com\/blog\/wp-content\/uploads\/Post_IF3800_1_3.png 900w, https:\/\/www.43einhalb.com\/blog\/wp-content\/uploads\/Post_IF3800_1_3-540x675.png 540w, https:\/\/www.43einhalb.com\/blog\/wp-content\/uploads\/Post_IF3800_1_3-768x960.png 768w, https:\/\/www.43einhalb.com\/blog\/wp-content\/uploads\/Post_IF3800_1_3-370x463.png 370w, https:\/\/www.43einhalb.com\/blog\/wp-content\/uploads\/Post_IF3800_1_3-570x713.png 570w, https:\/\/www.43einhalb.com\/blog\/wp-content\/uploads\/Post_IF3800_1_3-770x963.png 770w, https:\/\/www.43einhalb.com\/blog\/wp-content\/uploads\/Post_IF3800_1_3-464x580.png 464w\" sizes=\"(max-width: 900px) 100vw, 900px\" \/><\/a>\n\t\t\t<\/div><\/figure>\n\t\t<\/div>\n\n<p class=\"p1\">Doch was den Bern Gore-Tex wirklich ausmacht, ist sein emotionaler Wert. Als Hommage an das \u00bbWunder von Bern\u00ab entworfen, spiegelt jeder Aspekt des Schuhs die Emotionen und die Bedeutung dieses historischen Fu\u00dfballmoments wider. Ob Fu\u00dfballfan oder Sneaker-Liebhaber, das Tragen des Bern Gore-Tex ist wie ein St\u00fcck Fu\u00dfballgeschichte. Deshalb haben wir ihn liebevoll \u00bbThe Wunder\u00ab getauft.<\/p>\n<a href=\"https:\/\/www.43einhalb.com\/p\/adidas-bern-gore-tex-the-wunder-dark-brown-1277315\" class=\"sc-button bg-black color-white\" target=\"_blank\"><span>ZUM SNEAKER<\/span><\/a>\n<\/article>","protected":false},"excerpt":{"rendered":"<p>Zur Feier des 70. Jahrestages des \u00bbWunders von Bern\u00ab, bei dem die deutsche Nationalmannschaft im Finale gegen Ungarn \u00fcberraschend den Weltmeistertitel errang, pr\u00e4sentiert adidas den Bern Gore-Tex. Dieser verbindet Geschichte, Emotionen und technische Features nahtlos miteinander.<\/p>\n","protected":false},"author":32,"featured_media":55624,"comment_status":"open","ping_status":"open","sticky":false,"template":"","format":"gallery","meta":{"footnotes":""},"categories":[18],"tags":[332,1516,1517,899,1519,973,1518],"yoast_head":"<!-- This site is optimized with the Yoast SEO plugin v21.3 - https:\/\/yoast.com\/wordpress\/plugins\/seo\/ -->\n<title>adidas Bern GTX \u00bbThe Wunder\u00ab | 43einhalb blog \ud83d\udc5f<\/title>\n<meta name=\"description\" content=\"Zur Feier des Jubi\u00e4um des \u00bbWunders von Bern\u00ab, pr\u00e4sentiert adidas den Bern GTX. Er verbindet Emotionen und technische Features miteinander.\" \/>\n<meta name=\"robots\" content=\"index, follow, max-snippet:-1, max-image-preview:large, max-video-preview:-1\" \/>\n<link rel=\"canonical\" href=\"https:\/\/www.43einhalb.com\/blog\/adidas-bern-gtx-the-wunder\/\" \/>\n<meta property=\"og:locale\" content=\"de_DE\" \/>\n<meta property=\"og:type\" content=\"article\" \/>\n<meta property=\"og:title\" content=\"adidas Bern GTX \u00bbThe Wunder\u00ab | 43einhalb blog \ud83d\udc5f\" \/>\n<meta property=\"og:description\" content=\"Zur Feier des Jubi\u00e4um des \u00bbWunders von Bern\u00ab, pr\u00e4sentiert adidas den Bern GTX. Er verbindet Emotionen und technische Features miteinander.\" \/>\n<meta property=\"og:url\" content=\"https:\/\/www.43einhalb.com\/blog\/adidas-bern-gtx-the-wunder\/\" \/>\n<meta property=\"og:site_name\" content=\"43einhalb blog\" \/>\n<meta property=\"article:published_time\" content=\"2024-02-16T07:00:39+00:00\" \/>\n<meta property=\"article:modified_time\" content=\"2024-03-14T13:26:38+00:00\" \/>\n<meta property=\"og:image\" content=\"https:\/\/www.43einhalb.com\/blog\/wp-content\/uploads\/Post_IF3800_Teaser.png\" \/>\n\t<meta property=\"og:image:width\" content=\"850\" \/>\n\t<meta property=\"og:image:height\" content=\"1062\" \/>\n\t<meta property=\"og:image:type\" content=\"image\/png\" \/>\n<meta name=\"author\" content=\"Lu\" \/>\n<meta name=\"twitter:card\" content=\"summary_large_image\" \/>\n<meta name=\"twitter:label1\" content=\"Verfasst von\" \/>\n\t<meta name=\"twitter:data1\" content=\"Lu\" \/>\n\t<meta name=\"twitter:label2\" content=\"Gesch\u00e4tzte Lesezeit\" \/>\n\t<meta name=\"twitter:data2\" content=\"2\u00a0Minuten\" \/>\n<script type=\"application\/ld+json\" class=\"yoast-schema-graph\">{\"@context\":\"https:\/\/schema.org\",\"@graph\":[{\"@type\":\"Article\",\"@id\":\"https:\/\/www.43einhalb.com\/blog\/adidas-bern-gtx-the-wunder\/#article\",\"isPartOf\":{\"@id\":\"https:\/\/www.43einhalb.com\/blog\/adidas-bern-gtx-the-wunder\/\"},\"author\":{\"name\":\"Lu\",\"@id\":\"https:\/\/www.43einhalb.com\/blog\/#\/schema\/person\/1485d486fb0ab1069d1215edf4af9e18\"},\"headline\":\"adidas Bern GTX \u00bbThe Wunder\u00ab\",\"datePublished\":\"2024-02-16T07:00:39+00:00\",\"dateModified\":\"2024-03-14T13:26:38+00:00\",\"mainEntityOfPage\":{\"@id\":\"https:\/\/www.43einhalb.com\/blog\/adidas-bern-gtx-the-wunder\/\"},\"wordCount\":384,\"commentCount\":0,\"publisher\":{\"@id\":\"https:\/\/www.43einhalb.com\/blog\/#organization\"},\"keywords\":[\"adidas\",\"adidas Bern\",\"Bern\",\"Gore-Tex\",\"GTX\",\"waterproof\",\"Wunder von Bern\"],\"articleSection\":[\"adidas\"],\"inLanguage\":\"de\",\"potentialAction\":[{\"@type\":\"CommentAction\",\"name\":\"Comment\",\"target\":[\"https:\/\/www.43einhalb.com\/blog\/adidas-bern-gtx-the-wunder\/#respond\"]}]},{\"@type\":\"WebPage\",\"@id\":\"https:\/\/www.43einhalb.com\/blog\/adidas-bern-gtx-the-wunder\/\",\"url\":\"https:\/\/www.43einhalb.com\/blog\/adidas-bern-gtx-the-wunder\/\",\"name\":\"adidas Bern GTX \u00bbThe Wunder\u00ab | 43einhalb blog \ud83d\udc5f\",\"isPartOf\":{\"@id\":\"https:\/\/www.43einhalb.com\/blog\/#website\"},\"datePublished\":\"2024-02-16T07:00:39+00:00\",\"dateModified\":\"2024-03-14T13:26:38+00:00\",\"description\":\"Zur Feier des Jubi\u00e4um des \u00bbWunders von Bern\u00ab, pr\u00e4sentiert adidas den Bern GTX. Er verbindet Emotionen und technische Features miteinander.\",\"breadcrumb\":{\"@id\":\"https:\/\/www.43einhalb.com\/blog\/adidas-bern-gtx-the-wunder\/#breadcrumb\"},\"inLanguage\":\"de\",\"potentialAction\":[{\"@type\":\"ReadAction\",\"target\":[\"https:\/\/www.43einhalb.com\/blog\/adidas-bern-gtx-the-wunder\/\"]}]},{\"@type\":\"BreadcrumbList\",\"@id\":\"https:\/\/www.43einhalb.com\/blog\/adidas-bern-gtx-the-wunder\/#breadcrumb\",\"itemListElement\":[{\"@type\":\"ListItem\",\"position\":1,\"name\":\"Startseite\",\"item\":\"https:\/\/www.43einhalb.com\/blog\/\"},{\"@type\":\"ListItem\",\"position\":2,\"name\":\"adidas Bern GTX \u00bbThe Wunder\u00ab\"}]},{\"@type\":\"WebSite\",\"@id\":\"https:\/\/www.43einhalb.com\/blog\/#website\",\"url\":\"https:\/\/www.43einhalb.com\/blog\/\",\"name\":\"43einhalb blog\",\"description\":\"\",\"publisher\":{\"@id\":\"https:\/\/www.43einhalb.com\/blog\/#organization\"},\"potentialAction\":[{\"@type\":\"SearchAction\",\"target\":{\"@type\":\"EntryPoint\",\"urlTemplate\":\"https:\/\/www.43einhalb.com\/blog\/?s={search_term_string}\"},\"query-input\":\"required name=search_term_string\"}],\"inLanguage\":\"de\"},{\"@type\":\"Organization\",\"@id\":\"https:\/\/www.43einhalb.com\/blog\/#organization\",\"name\":\"43einhalb\",\"url\":\"https:\/\/www.43einhalb.com\/blog\/\",\"logo\":{\"@type\":\"ImageObject\",\"inLanguage\":\"de\",\"@id\":\"https:\/\/www.43einhalb.com\/blog\/#\/schema\/logo\/image\/\",\"url\":\"https:\/\/www.43einhalb.com\/blog\/wp-content\/uploads\/2018\/05\/4312_logo_XL_4000px.png\",\"contentUrl\":\"https:\/\/www.43einhalb.com\/blog\/wp-content\/uploads\/2018\/05\/4312_logo_XL_4000px.png\",\"width\":2000,\"height\":2000,\"caption\":\"43einhalb\"},\"image\":{\"@id\":\"https:\/\/www.43einhalb.com\/blog\/#\/schema\/logo\/image\/\"}},{\"@type\":\"Person\",\"@id\":\"https:\/\/www.43einhalb.com\/blog\/#\/schema\/person\/1485d486fb0ab1069d1215edf4af9e18\",\"name\":\"Lu\",\"url\":\"https:\/\/www.43einhalb.com\/blog\/author\/lu\/\"}]}<\/script>\n<!-- \/ Yoast SEO plugin. -->","yoast_head_json":{"title":"adidas Bern GTX \u00bbThe Wunder\u00ab | 43einhalb blog \ud83d\udc5f","description":"Zur Feier des Jubi\u00e4um des \u00bbWunders von Bern\u00ab, pr\u00e4sentiert adidas den Bern GTX. Er verbindet Emotionen und technische Features miteinander.","robots":{"index":"index","follow":"follow","max-snippet":"max-snippet:-1","max-image-preview":"max-image-preview:large","max-video-preview":"max-video-preview:-1"},"canonical":"https:\/\/www.43einhalb.com\/blog\/adidas-bern-gtx-the-wunder\/","og_locale":"de_DE","og_type":"article","og_title":"adidas Bern GTX \u00bbThe Wunder\u00ab | 43einhalb blog \ud83d\udc5f","og_description":"Zur Feier des Jubi\u00e4um des \u00bbWunders von Bern\u00ab, pr\u00e4sentiert adidas den Bern GTX. Er verbindet Emotionen und technische Features miteinander.","og_url":"https:\/\/www.43einhalb.com\/blog\/adidas-bern-gtx-the-wunder\/","og_site_name":"43einhalb blog","article_published_time":"2024-02-16T07:00:39+00:00","article_modified_time":"2024-03-14T13:26:38+00:00","og_image":[{"width":850,"height":1062,"url":"https:\/\/www.43einhalb.com\/blog\/wp-content\/uploads\/Post_IF3800_Teaser.png","type":"image\/png"}],"author":"Lu","twitter_card":"summary_large_image","twitter_misc":{"Verfasst von":"Lu","Gesch\u00e4tzte Lesezeit":"2\u00a0Minuten"},"schema":{"@context":"https:\/\/schema.org","@graph":[{"@type":"Article","@id":"https:\/\/www.43einhalb.com\/blog\/adidas-bern-gtx-the-wunder\/#article","isPartOf":{"@id":"https:\/\/www.43einhalb.com\/blog\/adidas-bern-gtx-the-wunder\/"},"author":{"name":"Lu","@id":"https:\/\/www.43einhalb.com\/blog\/#\/schema\/person\/1485d486fb0ab1069d1215edf4af9e18"},"headline":"adidas Bern GTX \u00bbThe Wunder\u00ab","datePublished":"2024-02-16T07:00:39+00:00","dateModified":"2024-03-14T13:26:38+00:00","mainEntityOfPage":{"@id":"https:\/\/www.43einhalb.com\/blog\/adidas-bern-gtx-the-wunder\/"},"wordCount":384,"commentCount":0,"publisher":{"@id":"https:\/\/www.43einhalb.com\/blog\/#organization"},"keywords":["adidas","adidas Bern","Bern","Gore-Tex","GTX","waterproof","Wunder von Bern"],"articleSection":["adidas"],"inLanguage":"de","potentialAction":[{"@type":"CommentAction","name":"Comment","target":["https:\/\/www.43einhalb.com\/blog\/adidas-bern-gtx-the-wunder\/#respond"]}]},{"@type":"WebPage","@id":"https:\/\/www.43einhalb.com\/blog\/adidas-bern-gtx-the-wunder\/","url":"https:\/\/www.43einhalb.com\/blog\/adidas-bern-gtx-the-wunder\/","name":"adidas Bern GTX \u00bbThe Wunder\u00ab | 43einhalb blog \ud83d\udc5f","isPartOf":{"@id":"https:\/\/www.43einhalb.com\/blog\/#website"},"datePublished":"2024-02-16T07:00:39+00:00","dateModified":"2024-03-14T13:26:38+00:00","description":"Zur Feier des Jubi\u00e4um des \u00bbWunders von Bern\u00ab, pr\u00e4sentiert adidas den Bern GTX. Er verbindet Emotionen und technische Features miteinander.","breadcrumb":{"@id":"https:\/\/www.43einhalb.com\/blog\/adidas-bern-gtx-the-wunder\/#breadcrumb"},"inLanguage":"de","potentialAction":[{"@type":"ReadAction","target":["https:\/\/www.43einhalb.com\/blog\/adidas-bern-gtx-the-wunder\/"]}]},{"@type":"BreadcrumbList","@id":"https:\/\/www.43einhalb.com\/blog\/adidas-bern-gtx-the-wunder\/#breadcrumb","itemListElement":[{"@type":"ListItem","position":1,"name":"Startseite","item":"https:\/\/www.43einhalb.com\/blog\/"},{"@type":"ListItem","position":2,"name":"adidas Bern GTX \u00bbThe Wunder\u00ab"}]},{"@type":"WebSite","@id":"https:\/\/www.43einhalb.com\/blog\/#website","url":"https:\/\/www.43einhalb.com\/blog\/","name":"43einhalb blog","description":"","publisher":{"@id":"https:\/\/www.43einhalb.com\/blog\/#organization"},"potentialAction":[{"@type":"SearchAction","target":{"@type":"EntryPoint","urlTemplate":"https:\/\/www.43einhalb.com\/blog\/?s={search_term_string}"},"query-input":"required name=search_term_string"}],"inLanguage":"de"},{"@type":"Organization","@id":"https:\/\/www.43einhalb.com\/blog\/#organization","name":"43einhalb","url":"https:\/\/www.43einhalb.com\/blog\/","logo":{"@type":"ImageObject","inLanguage":"de","@id":"https:\/\/www.43einhalb.com\/blog\/#\/schema\/logo\/image\/","url":"https:\/\/www.43einhalb.com\/blog\/wp-content\/uploads\/2018\/05\/4312_logo_XL_4000px.png","contentUrl":"https:\/\/www.43einhalb.com\/blog\/wp-content\/uploads\/2018\/05\/4312_logo_XL_4000px.png","width":2000,"height":2000,"caption":"43einhalb"},"image":{"@id":"https:\/\/www.43einhalb.com\/blog\/#\/schema\/logo\/image\/"}},{"@type":"Person","@id":"https:\/\/www.43einhalb.com\/blog\/#\/schema\/person\/1485d486fb0ab1069d1215edf4af9e18","name":"Lu","url":"https:\/\/www.43einhalb.com\/blog\/author\/lu\/"}]}},"_links":{"self":[{"href":"https:\/\/www.43einhalb.com\/blog\/wp-json\/wp\/v2\/posts\/55588"}],"collection":[{"href":"https:\/\/www.43einhalb.com\/blog\/wp-json\/wp\/v2\/posts"}],"about":[{"href":"https:\/\/www.43einhalb.com\/blog\/wp-json\/wp\/v2\/types\/post"}],"author":[{"embeddable":true,"href":"https:\/\/www.43einhalb.com\/blog\/wp-json\/wp\/v2\/users\/32"}],"replies":[{"embeddable":true,"href":"https:\/\/www.43einhalb.com\/blog\/wp-json\/wp\/v2\/comments?post=55588"}],"version-history":[{"count":10,"href":"https:\/\/www.43einhalb.com\/blog\/wp-json\/wp\/v2\/posts\/55588\/revisions"}],"predecessor-version":[{"id":55728,"href":"https:\/\/www.43einhalb.com\/blog\/wp-json\/wp\/v2\/posts\/55588\/revisions\/55728"}],"wp:featuredmedia":[{"embeddable":true,"href":"https:\/\/www.43einhalb.com\/blog\/wp-json\/wp\/v2\/media\/55624"}],"wp:attachment":[{"href":"https:\/\/www.43einhalb.com\/blog\/wp-json\/wp\/v2\/media?parent=55588"}],"wp:term":[{"taxonomy":"category","embeddable":true,"href":"https:\/\/www.43einhalb.com\/blog\/wp-json\/wp\/v2\/categories?post=55588"},{"taxonomy":"post_tag","embeddable":true,"href":"https:\/\/www.43einhalb.com\/blog\/wp-json\/wp\/v2\/tags?post=55588"}],"curies":[{"name":"wp","href":"https:\/\/api.w.org\/{rel}","templated":true}]}}